{"id":1635,"date":"2018-11-26T14:31:13","date_gmt":"2018-11-26T13:31:13","guid":{"rendered":"https:\/\/www.combraillesdurables.fr\/\/?p=1635"},"modified":"2019-11-24T16:29:16","modified_gmt":"2019-11-24T15:29:16","slug":"combrailles-durables-invitee-de-la-redaction-de-france-bleue-ce-matin","status":"publish","type":"post","link":"https:\/\/www.combraillesdurables.fr\/index.php\/2018\/11\/26\/combrailles-durables-invitee-de-la-redaction-de-france-bleue-ce-matin\/","title":{"rendered":"Combrailles Durables invit\u00e9e de la r\u00e9daction de France Bleue ce matin"},"content":{"rendered":"<p>Notre administratrice Isabelle Gard\u00e8res s&rsquo;est lev\u00e9e tr\u00e8s t\u00f4t ce matin afin d&rsquo;honorer l\u2019invitation de France Bleue dans son \u00e9mission \u00ab\u00a0L&rsquo;invit\u00e9 de la r\u00e9daction\u00a0\u00bb. Jusqu&rsquo;au 2 d\u00e9cembre, la radio locale met en lumi\u00e8re les initiatives locales et a souhait\u00e9 ce matin nous donner le micro pour expliquer notre d\u00e9marche. Un grand merci \u00e0 eux !<\/p>\n<p>A noter que nous inaugurons aujourd&rsquo;hui notre 21e centrale solaire sur le toit des services routiers de Saint-Pardoux.<\/p>\n<p><a href=\"https:\/\/www.francebleu.fr\/emissions\/l-invite-de-la-redaction\/pays-d-auvergne\/l-invite-de-la-redaction-162\" target=\"_blank\" rel=\"noopener noreferrer\">\u00c9couter ici le replay de l\u2019\u00e9mission<\/a><\/p>\n","protected":false},"excerpt":{"rendered":"<p>Notre administratrice Isabelle Gard\u00e8res s&rsquo;est lev\u00e9e tr\u00e8s t\u00f4t ce matin afin d&rsquo;honorer l\u2019invitation de France Bleue dans son \u00e9mission \u00ab\u00a0L&rsquo;invit\u00e9 de la r\u00e9daction\u00a0\u00bb. Jusqu&rsquo;au 2 d\u00e9cembre, la radio locale met [&hellip;]<\/p>\n","protected":false},"author":1,"featured_media":1636,"comment_status":"closed","ping_status":"open","sticky":false,"template":"","format":"standard","meta":{"_et_pb_use_builder":"","_et_pb_old_content":"","_et_gb_content_width":"","footnotes":""},"categories":[12,35],"tags":[],"class_list":["post-1635","post","type-post","status-publish","format-standard","has-post-thumbnail","hentry","category-actualite","category-dans-les-medias-radio"],"yoast_head":"<!-- This site is optimized with the Yoast SEO plugin v27.5 - https:\/\/yoast.com\/product\/yoast-seo-wordpress\/ -->\n<title>Combrailles Durables invit\u00e9e de la r\u00e9daction de France Bleue ce matin - Combrailles Durables<\/title>\n<meta name=\"robots\" content=\"index, follow, max-snippet:-1, max-image-preview:large, max-video-preview:-1\" \/>\n<link rel=\"canonical\" href=\"https:\/\/www.combraillesdurables.fr\/index.php\/2018\/11\/26\/combrailles-durables-invitee-de-la-redaction-de-france-bleue-ce-matin\/\" \/>\n<meta property=\"og:locale\" content=\"fr_FR\" \/>\n<meta property=\"og:type\" content=\"article\" \/>\n<meta property=\"og:title\" content=\"Combrailles Durables invit\u00e9e de la r\u00e9daction de France Bleue ce matin - Combrailles Durables\" \/>\n<meta property=\"og:description\" content=\"Notre administratrice Isabelle Gard\u00e8res s&rsquo;est lev\u00e9e tr\u00e8s t\u00f4t ce matin afin d&rsquo;honorer l\u2019invitation de France Bleue dans son \u00e9mission \u00ab\u00a0L&rsquo;invit\u00e9 de la r\u00e9daction\u00a0\u00bb. Jusqu&rsquo;au 2 d\u00e9cembre, la radio locale met [&hellip;]\" \/>\n<meta property=\"og:url\" content=\"https:\/\/www.combraillesdurables.fr\/index.php\/2018\/11\/26\/combrailles-durables-invitee-de-la-redaction-de-france-bleue-ce-matin\/\" \/>\n<meta property=\"og:site_name\" content=\"Combrailles Durables\" \/>\n<meta property=\"article:publisher\" content=\"https:\/\/www.facebook.com\/CombraillesDurables\/\" \/>\n<meta property=\"article:author\" content=\"https:\/\/www.facebook.com\/CombraillesDurables\" \/>\n<meta property=\"article:published_time\" content=\"2018-11-26T13:31:13+00:00\" \/>\n<meta property=\"article:modified_time\" content=\"2019-11-24T15:29:16+00:00\" \/>\n<meta property=\"og:image\" content=\"https:\/\/www.combraillesdurables.fr\/wp-content\/uploads\/2018\/11\/870x489_920x517_micro-francebleu.jpg\" \/>\n\t<meta property=\"og:image:width\" content=\"870\" \/>\n\t<meta property=\"og:image:height\" content=\"489\" \/>\n\t<meta property=\"og:image:type\" content=\"image\/jpeg\" \/>\n<meta name=\"author\" content=\"admin7306\" \/>\n<meta name=\"twitter:card\" content=\"summary_large_image\" \/>\n<meta name=\"twitter:creator\" content=\"@CombraillesD\" \/>\n<meta name=\"twitter:site\" content=\"@CombraillesD\" \/>\n<meta name=\"twitter:label1\" content=\"\u00c9crit par\" \/>\n\t<meta name=\"twitter:data1\" content=\"admin7306\" \/>\n<script type=\"application\/ld+json\" class=\"yoast-schema-graph\">{\"@context\":\"https:\\\/\\\/schema.org\",\"@graph\":[{\"@type\":\"Article\",\"@id\":\"https:\\\/\\\/www.combraillesdurables.fr\\\/index.php\\\/2018\\\/11\\\/26\\\/combrailles-durables-invitee-de-la-redaction-de-france-bleue-ce-matin\\\/#article\",\"isPartOf\":{\"@id\":\"https:\\\/\\\/www.combraillesdurables.fr\\\/index.php\\\/2018\\\/11\\\/26\\\/combrailles-durables-invitee-de-la-redaction-de-france-bleue-ce-matin\\\/\"},\"author\":{\"name\":\"admin7306\",\"@id\":\"https:\\\/\\\/www.combraillesdurables.fr\\\/#\\\/schema\\\/person\\\/65dba28a384055af13030a9dcf3f0a9d\"},\"headline\":\"Combrailles Durables invit\u00e9e de la r\u00e9daction de France Bleue ce matin\",\"datePublished\":\"2018-11-26T13:31:13+00:00\",\"dateModified\":\"2019-11-24T15:29:16+00:00\",\"mainEntityOfPage\":{\"@id\":\"https:\\\/\\\/www.combraillesdurables.fr\\\/index.php\\\/2018\\\/11\\\/26\\\/combrailles-durables-invitee-de-la-redaction-de-france-bleue-ce-matin\\\/\"},\"wordCount\":103,\"publisher\":{\"@id\":\"https:\\\/\\\/www.combraillesdurables.fr\\\/#organization\"},\"image\":{\"@id\":\"https:\\\/\\\/www.combraillesdurables.fr\\\/index.php\\\/2018\\\/11\\\/26\\\/combrailles-durables-invitee-de-la-redaction-de-france-bleue-ce-matin\\\/#primaryimage\"},\"thumbnailUrl\":\"https:\\\/\\\/www.combraillesdurables.fr\\\/wp-content\\\/uploads\\\/2018\\\/11\\\/870x489_920x517_micro-francebleu.jpg\",\"articleSection\":[\"actualit\u00e9\",\"Dans les m\u00e9dias radio\"],\"inLanguage\":\"fr-FR\"},{\"@type\":\"WebPage\",\"@id\":\"https:\\\/\\\/www.combraillesdurables.fr\\\/index.php\\\/2018\\\/11\\\/26\\\/combrailles-durables-invitee-de-la-redaction-de-france-bleue-ce-matin\\\/\",\"url\":\"https:\\\/\\\/www.combraillesdurables.fr\\\/index.php\\\/2018\\\/11\\\/26\\\/combrailles-durables-invitee-de-la-redaction-de-france-bleue-ce-matin\\\/\",\"name\":\"Combrailles Durables invit\u00e9e de la r\u00e9daction de France Bleue ce matin - Combrailles Durables\",\"isPartOf\":{\"@id\":\"https:\\\/\\\/www.combraillesdurables.fr\\\/#website\"},\"primaryImageOfPage\":{\"@id\":\"https:\\\/\\\/www.combraillesdurables.fr\\\/index.php\\\/2018\\\/11\\\/26\\\/combrailles-durables-invitee-de-la-redaction-de-france-bleue-ce-matin\\\/#primaryimage\"},\"image\":{\"@id\":\"https:\\\/\\\/www.combraillesdurables.fr\\\/index.php\\\/2018\\\/11\\\/26\\\/combrailles-durables-invitee-de-la-redaction-de-france-bleue-ce-matin\\\/#primaryimage\"},\"thumbnailUrl\":\"https:\\\/\\\/www.combraillesdurables.fr\\\/wp-content\\\/uploads\\\/2018\\\/11\\\/870x489_920x517_micro-francebleu.jpg\",\"datePublished\":\"2018-11-26T13:31:13+00:00\",\"dateModified\":\"2019-11-24T15:29:16+00:00\",\"breadcrumb\":{\"@id\":\"https:\\\/\\\/www.combraillesdurables.fr\\\/index.php\\\/2018\\\/11\\\/26\\\/combrailles-durables-invitee-de-la-redaction-de-france-bleue-ce-matin\\\/#breadcrumb\"},\"inLanguage\":\"fr-FR\",\"potentialAction\":[{\"@type\":\"ReadAction\",\"target\":[\"https:\\\/\\\/www.combraillesdurables.fr\\\/index.php\\\/2018\\\/11\\\/26\\\/combrailles-durables-invitee-de-la-redaction-de-france-bleue-ce-matin\\\/\"]}]},{\"@type\":\"ImageObject\",\"inLanguage\":\"fr-FR\",\"@id\":\"https:\\\/\\\/www.combraillesdurables.fr\\\/index.php\\\/2018\\\/11\\\/26\\\/combrailles-durables-invitee-de-la-redaction-de-france-bleue-ce-matin\\\/#primaryimage\",\"url\":\"https:\\\/\\\/www.combraillesdurables.fr\\\/wp-content\\\/uploads\\\/2018\\\/11\\\/870x489_920x517_micro-francebleu.jpg\",\"contentUrl\":\"https:\\\/\\\/www.combraillesdurables.fr\\\/wp-content\\\/uploads\\\/2018\\\/11\\\/870x489_920x517_micro-francebleu.jpg\",\"width\":870,\"height\":489},{\"@type\":\"BreadcrumbList\",\"@id\":\"https:\\\/\\\/www.combraillesdurables.fr\\\/index.php\\\/2018\\\/11\\\/26\\\/combrailles-durables-invitee-de-la-redaction-de-france-bleue-ce-matin\\\/#breadcrumb\",\"itemListElement\":[{\"@type\":\"ListItem\",\"position\":1,\"name\":\"Accueil\",\"item\":\"https:\\\/\\\/www.combraillesdurables.fr\\\/\"},{\"@type\":\"ListItem\",\"position\":2,\"name\":\"Combrailles Durables invit\u00e9e de la r\u00e9daction de France Bleue ce matin\"}]},{\"@type\":\"WebSite\",\"@id\":\"https:\\\/\\\/www.combraillesdurables.fr\\\/#website\",\"url\":\"https:\\\/\\\/www.combraillesdurables.fr\\\/\",\"name\":\"Combrailles Durables\",\"description\":\"L&#039;appropriation citoyenne de l&#039;\u00e9nergie\",\"publisher\":{\"@id\":\"https:\\\/\\\/www.combraillesdurables.fr\\\/#organization\"},\"potentialAction\":[{\"@type\":\"SearchAction\",\"target\":{\"@type\":\"EntryPoint\",\"urlTemplate\":\"https:\\\/\\\/www.combraillesdurables.fr\\\/?s={search_term_string}\"},\"query-input\":{\"@type\":\"PropertyValueSpecification\",\"valueRequired\":true,\"valueName\":\"search_term_string\"}}],\"inLanguage\":\"fr-FR\"},{\"@type\":\"Organization\",\"@id\":\"https:\\\/\\\/www.combraillesdurables.fr\\\/#organization\",\"name\":\"Combrailles Durables\",\"url\":\"https:\\\/\\\/www.combraillesdurables.fr\\\/\",\"logo\":{\"@type\":\"ImageObject\",\"inLanguage\":\"fr-FR\",\"@id\":\"https:\\\/\\\/www.combraillesdurables.fr\\\/#\\\/schema\\\/logo\\\/image\\\/\",\"url\":\"http:\\\/\\\/www.combraillesdurables.fr\\\/wp-content\\\/uploads\\\/2017\\\/07\\\/Logo_cd_sans_titre.jpg\",\"contentUrl\":\"http:\\\/\\\/www.combraillesdurables.fr\\\/wp-content\\\/uploads\\\/2017\\\/07\\\/Logo_cd_sans_titre.jpg\",\"width\":1032,\"height\":1434,\"caption\":\"Combrailles Durables\"},\"image\":{\"@id\":\"https:\\\/\\\/www.combraillesdurables.fr\\\/#\\\/schema\\\/logo\\\/image\\\/\"},\"sameAs\":[\"https:\\\/\\\/www.facebook.com\\\/CombraillesDurables\\\/\",\"https:\\\/\\\/x.com\\\/CombraillesD\",\"https:\\\/\\\/www.linkedin.com\\\/company\\\/coop\u00e9rative-citoyenne-combrailles-durables\\\/\",\"https:\\\/\\\/www.youtube.com\\\/watch?v=YWw-GFuIsps&amp;amp;amp;amp;amp;list=PLonBK8rvh98W_VSh2nlgNYeloVzJkG61u\"]},{\"@type\":\"Person\",\"@id\":\"https:\\\/\\\/www.combraillesdurables.fr\\\/#\\\/schema\\\/person\\\/65dba28a384055af13030a9dcf3f0a9d\",\"name\":\"admin7306\",\"image\":{\"@type\":\"ImageObject\",\"inLanguage\":\"fr-FR\",\"@id\":\"https:\\\/\\\/secure.gravatar.com\\\/avatar\\\/c8fcd151d02104299bbbdd2c75457ceece6e4574341251a78d0545cdcf75c29a?s=96&d=mm&r=g\",\"url\":\"https:\\\/\\\/secure.gravatar.com\\\/avatar\\\/c8fcd151d02104299bbbdd2c75457ceece6e4574341251a78d0545cdcf75c29a?s=96&d=mm&r=g\",\"contentUrl\":\"https:\\\/\\\/secure.gravatar.com\\\/avatar\\\/c8fcd151d02104299bbbdd2c75457ceece6e4574341251a78d0545cdcf75c29a?s=96&d=mm&r=g\",\"caption\":\"admin7306\"},\"sameAs\":[\"https:\\\/\\\/www.facebook.com\\\/CombraillesDurables\",\"https:\\\/\\\/x.com\\\/CombraillesD\"],\"url\":\"https:\\\/\\\/www.combraillesdurables.fr\\\/index.php\\\/author\\\/admin7306\\\/\"}]}<\/script>\n<!-- \/ Yoast SEO plugin. -->","yoast_head_json":{"title":"Combrailles Durables invit\u00e9e de la r\u00e9daction de France Bleue ce matin - Combrailles Durables","robots":{"index":"index","follow":"follow","max-snippet":"max-snippet:-1","max-image-preview":"max-image-preview:large","max-video-preview":"max-video-preview:-1"},"canonical":"https:\/\/www.combraillesdurables.fr\/index.php\/2018\/11\/26\/combrailles-durables-invitee-de-la-redaction-de-france-bleue-ce-matin\/","og_locale":"fr_FR","og_type":"article","og_title":"Combrailles Durables invit\u00e9e de la r\u00e9daction de France Bleue ce matin - Combrailles Durables","og_description":"Notre administratrice Isabelle Gard\u00e8res s&rsquo;est lev\u00e9e tr\u00e8s t\u00f4t ce matin afin d&rsquo;honorer l\u2019invitation de France Bleue dans son \u00e9mission \u00ab\u00a0L&rsquo;invit\u00e9 de la r\u00e9daction\u00a0\u00bb. Jusqu&rsquo;au 2 d\u00e9cembre, la radio locale met [&hellip;]","og_url":"https:\/\/www.combraillesdurables.fr\/index.php\/2018\/11\/26\/combrailles-durables-invitee-de-la-redaction-de-france-bleue-ce-matin\/","og_site_name":"Combrailles Durables","article_publisher":"https:\/\/www.facebook.com\/CombraillesDurables\/","article_author":"https:\/\/www.facebook.com\/CombraillesDurables","article_published_time":"2018-11-26T13:31:13+00:00","article_modified_time":"2019-11-24T15:29:16+00:00","og_image":[{"width":870,"height":489,"url":"https:\/\/www.combraillesdurables.fr\/wp-content\/uploads\/2018\/11\/870x489_920x517_micro-francebleu.jpg","type":"image\/jpeg"}],"author":"admin7306","twitter_card":"summary_large_image","twitter_creator":"@CombraillesD","twitter_site":"@CombraillesD","twitter_misc":{"\u00c9crit par":"admin7306"},"schema":{"@context":"https:\/\/schema.org","@graph":[{"@type":"Article","@id":"https:\/\/www.combraillesdurables.fr\/index.php\/2018\/11\/26\/combrailles-durables-invitee-de-la-redaction-de-france-bleue-ce-matin\/#article","isPartOf":{"@id":"https:\/\/www.combraillesdurables.fr\/index.php\/2018\/11\/26\/combrailles-durables-invitee-de-la-redaction-de-france-bleue-ce-matin\/"},"author":{"name":"admin7306","@id":"https:\/\/www.combraillesdurables.fr\/#\/schema\/person\/65dba28a384055af13030a9dcf3f0a9d"},"headline":"Combrailles Durables invit\u00e9e de la r\u00e9daction de France Bleue ce matin","datePublished":"2018-11-26T13:31:13+00:00","dateModified":"2019-11-24T15:29:16+00:00","mainEntityOfPage":{"@id":"https:\/\/www.combraillesdurables.fr\/index.php\/2018\/11\/26\/combrailles-durables-invitee-de-la-redaction-de-france-bleue-ce-matin\/"},"wordCount":103,"publisher":{"@id":"https:\/\/www.combraillesdurables.fr\/#organization"},"image":{"@id":"https:\/\/www.combraillesdurables.fr\/index.php\/2018\/11\/26\/combrailles-durables-invitee-de-la-redaction-de-france-bleue-ce-matin\/#primaryimage"},"thumbnailUrl":"https:\/\/www.combraillesdurables.fr\/wp-content\/uploads\/2018\/11\/870x489_920x517_micro-francebleu.jpg","articleSection":["actualit\u00e9","Dans les m\u00e9dias radio"],"inLanguage":"fr-FR"},{"@type":"WebPage","@id":"https:\/\/www.combraillesdurables.fr\/index.php\/2018\/11\/26\/combrailles-durables-invitee-de-la-redaction-de-france-bleue-ce-matin\/","url":"https:\/\/www.combraillesdurables.fr\/index.php\/2018\/11\/26\/combrailles-durables-invitee-de-la-redaction-de-france-bleue-ce-matin\/","name":"Combrailles Durables invit\u00e9e de la r\u00e9daction de France Bleue ce matin - Combrailles Durables","isPartOf":{"@id":"https:\/\/www.combraillesdurables.fr\/#website"},"primaryImageOfPage":{"@id":"https:\/\/www.combraillesdurables.fr\/index.php\/2018\/11\/26\/combrailles-durables-invitee-de-la-redaction-de-france-bleue-ce-matin\/#primaryimage"},"image":{"@id":"https:\/\/www.combraillesdurables.fr\/index.php\/2018\/11\/26\/combrailles-durables-invitee-de-la-redaction-de-france-bleue-ce-matin\/#primaryimage"},"thumbnailUrl":"https:\/\/www.combraillesdurables.fr\/wp-content\/uploads\/2018\/11\/870x489_920x517_micro-francebleu.jpg","datePublished":"2018-11-26T13:31:13+00:00","dateModified":"2019-11-24T15:29:16+00:00","breadcrumb":{"@id":"https:\/\/www.combraillesdurables.fr\/index.php\/2018\/11\/26\/combrailles-durables-invitee-de-la-redaction-de-france-bleue-ce-matin\/#breadcrumb"},"inLanguage":"fr-FR","potentialAction":[{"@type":"ReadAction","target":["https:\/\/www.combraillesdurables.fr\/index.php\/2018\/11\/26\/combrailles-durables-invitee-de-la-redaction-de-france-bleue-ce-matin\/"]}]},{"@type":"ImageObject","inLanguage":"fr-FR","@id":"https:\/\/www.combraillesdurables.fr\/index.php\/2018\/11\/26\/combrailles-durables-invitee-de-la-redaction-de-france-bleue-ce-matin\/#primaryimage","url":"https:\/\/www.combraillesdurables.fr\/wp-content\/uploads\/2018\/11\/870x489_920x517_micro-francebleu.jpg","contentUrl":"https:\/\/www.combraillesdurables.fr\/wp-content\/uploads\/2018\/11\/870x489_920x517_micro-francebleu.jpg","width":870,"height":489},{"@type":"BreadcrumbList","@id":"https:\/\/www.combraillesdurables.fr\/index.php\/2018\/11\/26\/combrailles-durables-invitee-de-la-redaction-de-france-bleue-ce-matin\/#breadcrumb","itemListElement":[{"@type":"ListItem","position":1,"name":"Accueil","item":"https:\/\/www.combraillesdurables.fr\/"},{"@type":"ListItem","position":2,"name":"Combrailles Durables invit\u00e9e de la r\u00e9daction de France Bleue ce matin"}]},{"@type":"WebSite","@id":"https:\/\/www.combraillesdurables.fr\/#website","url":"https:\/\/www.combraillesdurables.fr\/","name":"Combrailles Durables","description":"L&#039;appropriation citoyenne de l&#039;\u00e9nergie","publisher":{"@id":"https:\/\/www.combraillesdurables.fr\/#organization"},"potentialAction":[{"@type":"SearchAction","target":{"@type":"EntryPoint","urlTemplate":"https:\/\/www.combraillesdurables.fr\/?s={search_term_string}"},"query-input":{"@type":"PropertyValueSpecification","valueRequired":true,"valueName":"search_term_string"}}],"inLanguage":"fr-FR"},{"@type":"Organization","@id":"https:\/\/www.combraillesdurables.fr\/#organization","name":"Combrailles Durables","url":"https:\/\/www.combraillesdurables.fr\/","logo":{"@type":"ImageObject","inLanguage":"fr-FR","@id":"https:\/\/www.combraillesdurables.fr\/#\/schema\/logo\/image\/","url":"http:\/\/www.combraillesdurables.fr\/wp-content\/uploads\/2017\/07\/Logo_cd_sans_titre.jpg","contentUrl":"http:\/\/www.combraillesdurables.fr\/wp-content\/uploads\/2017\/07\/Logo_cd_sans_titre.jpg","width":1032,"height":1434,"caption":"Combrailles Durables"},"image":{"@id":"https:\/\/www.combraillesdurables.fr\/#\/schema\/logo\/image\/"},"sameAs":["https:\/\/www.facebook.com\/CombraillesDurables\/","https:\/\/x.com\/CombraillesD","https:\/\/www.linkedin.com\/company\/coop\u00e9rative-citoyenne-combrailles-durables\/","https:\/\/www.youtube.com\/watch?v=YWw-GFuIsps&amp;amp;amp;amp;amp;list=PLonBK8rvh98W_VSh2nlgNYeloVzJkG61u"]},{"@type":"Person","@id":"https:\/\/www.combraillesdurables.fr\/#\/schema\/person\/65dba28a384055af13030a9dcf3f0a9d","name":"admin7306","image":{"@type":"ImageObject","inLanguage":"fr-FR","@id":"https:\/\/secure.gravatar.com\/avatar\/c8fcd151d02104299bbbdd2c75457ceece6e4574341251a78d0545cdcf75c29a?s=96&d=mm&r=g","url":"https:\/\/secure.gravatar.com\/avatar\/c8fcd151d02104299bbbdd2c75457ceece6e4574341251a78d0545cdcf75c29a?s=96&d=mm&r=g","contentUrl":"https:\/\/secure.gravatar.com\/avatar\/c8fcd151d02104299bbbdd2c75457ceece6e4574341251a78d0545cdcf75c29a?s=96&d=mm&r=g","caption":"admin7306"},"sameAs":["https:\/\/www.facebook.com\/CombraillesDurables","https:\/\/x.com\/CombraillesD"],"url":"https:\/\/www.combraillesdurables.fr\/index.php\/author\/admin7306\/"}]}},"_links":{"self":[{"href":"https:\/\/www.combraillesdurables.fr\/index.php\/wp-json\/wp\/v2\/posts\/1635","targetHints":{"allow":["GET"]}}],"collection":[{"href":"https:\/\/www.combraillesdurables.fr\/index.php\/wp-json\/wp\/v2\/posts"}],"about":[{"href":"https:\/\/www.combraillesdurables.fr\/index.php\/wp-json\/wp\/v2\/types\/post"}],"author":[{"embeddable":true,"href":"https:\/\/www.combraillesdurables.fr\/index.php\/wp-json\/wp\/v2\/users\/1"}],"replies":[{"embeddable":true,"href":"https:\/\/www.combraillesdurables.fr\/index.php\/wp-json\/wp\/v2\/comments?post=1635"}],"version-history":[{"count":2,"href":"https:\/\/www.combraillesdurables.fr\/index.php\/wp-json\/wp\/v2\/posts\/1635\/revisions"}],"predecessor-version":[{"id":2338,"href":"https:\/\/www.combraillesdurables.fr\/index.php\/wp-json\/wp\/v2\/posts\/1635\/revisions\/2338"}],"wp:featuredmedia":[{"embeddable":true,"href":"https:\/\/www.combraillesdurables.fr\/index.php\/wp-json\/wp\/v2\/media\/1636"}],"wp:attachment":[{"href":"https:\/\/www.combraillesdurables.fr\/index.php\/wp-json\/wp\/v2\/media?parent=1635"}],"wp:term":[{"taxonomy":"category","embeddable":true,"href":"https:\/\/www.combraillesdurables.fr\/index.php\/wp-json\/wp\/v2\/categories?post=1635"},{"taxonomy":"post_tag","embeddable":true,"href":"https:\/\/www.combraillesdurables.fr\/index.php\/wp-json\/wp\/v2\/tags?post=1635"}],"curies":[{"name":"wp","href":"https:\/\/api.w.org\/{rel}","templated":true}]}}