{"id":3027,"date":"2021-08-02T10:23:34","date_gmt":"2021-08-02T08:23:34","guid":{"rendered":"https:\/\/www.combraillesdurables.fr\/\/?p=3027"},"modified":"2021-08-02T10:24:53","modified_gmt":"2021-08-02T08:24:53","slug":"projets-photovoltaiques-au-sol-nos-prospections-avec-enercoop-aura","status":"publish","type":"post","link":"https:\/\/www.combraillesdurables.fr\/index.php\/2021\/08\/02\/projets-photovoltaiques-au-sol-nos-prospections-avec-enercoop-aura\/","title":{"rendered":"Projets photovolta\u00efques au sol : nos prospections avec Enercoop AuRA"},"content":{"rendered":"<p>[et_pb_section fb_built=\u00a0\u00bb1&Prime; admin_label=\u00a0\u00bbsection\u00a0\u00bb _builder_version=\u00a0\u00bb3.22&Prime;][et_pb_row admin_label=\u00a0\u00bbrow\u00a0\u00bb _builder_version=\u00a0\u00bb3.25&Prime; background_size=\u00a0\u00bbinitial\u00a0\u00bb background_position=\u00a0\u00bbtop_left\u00a0\u00bb background_repeat=\u00a0\u00bbrepeat\u00a0\u00bb][et_pb_column type=\u00a0\u00bb4_4&Prime; _builder_version=\u00a0\u00bb3.25&Prime; custom_padding=\u00a0\u00bb|||\u00a0\u00bb custom_padding__hover=\u00a0\u00bb|||\u00a0\u00bb][et_pb_text _builder_version=\u00a0\u00bb4.9.10&Prime; _module_preset=\u00a0\u00bbdefault\u00a0\u00bb]<\/p>\n<p>Mardi 27 juillet, nous avons organis\u00e9 avec <a href=\"https:\/\/www.enercoop.fr\/nos-cooperatives\/auvergne-rhone-alpes\" target=\"_blank\" rel=\"noopener\">Enercoop AURA<\/a> une journ\u00e9e \u00ab\u00a0terrain\u00a0\u00bb pour le projet de d\u00e9veloppement de petites centrales photovolta\u00efques au sol de 250 kWc.<\/p>\n<p><em>Pour r\u00e9sumer la d\u00e9marche, Combrailles Durables et Enercoop AURA ont d\u00e9but\u00e9 depuis quelques mois une r\u00e9flexion pour s\u2019associer dans une d\u00e9marche in\u00e9dite de d\u00e9veloppement de parcs solaires :<\/em><\/p>\n<ul>\n<li><em>D\u2019un c\u00f4t\u00e9, une coop\u00e9rative citoyenne, Combrailles Durables, pour mobiliser les acteurs du territoire et investir dans des nouveaux moyens de production d\u2019\u00e9lectricit\u00e9 verte.<\/em><\/li>\n<li><em>De l\u2019autre, un fournisseur coop\u00e9ratif pour racheter directement l\u2019\u00e9lectricit\u00e9 produite et la distribuer \u00e0 ses clients. Enercoop s\u00e9curise ainsi un volume de production sur le long terme \u00e0 un prix fixe.<\/em><\/li>\n<\/ul>\n<p><em>L&rsquo;objectif : d\u00e9velopper des petits parcs solaires au sol (250 kWc) sur des terrains d\u00e9grad\u00e9s (anciennes d\u00e9charges, anciennes mines, friches&#8230;). Nous avons d\u00e9j\u00e0 recens\u00e9 plusieurs sites dans les communaut\u00e9s de communes du d\u00e9partement.<\/em><\/p>\n<p>Au menu de cette journ\u00e9e :<\/p>\n<ul>\n<li>Petit d\u00e9jeuner dans nos locaux avec la SCIC <a href=\"https:\/\/comtoit.org\/\" target=\"_blank\" rel=\"noopener\">Com TOIT<\/a>, int\u00e9ress\u00e9e par la philosophie du projet<\/li>\n<li>Visite de quelques sites potentiels \u00e0 l&rsquo;ouest de la Cha\u00eene des Puys dont une rencontre avec des \u00e9lus de la commune de Giat<\/li>\n<li>Rencontre avec le Parc Naturel R\u00e9gional des Volcans d&rsquo;Auvergne pour leur pr\u00e9senter notre projet qui a re\u00e7u une tr\u00e8s bonne \u00e9coute<\/li>\n<\/ul>\n<p>&nbsp;<\/p>\n<p>A suivre&#8230; !<\/p>\n<p>[\/et_pb_text][et_pb_image src=\u00a0\u00bbhttps:\/\/www.combraillesdurables.fr\/\/wp-content\/uploads\/2021\/07\/Bouilhat-scaled-e1627659011538.jpg\u00a0\u00bb title_text=\u00a0\u00bbBouilhat\u00a0\u00bb _builder_version=\u00a0\u00bb4.9.10&Prime; _module_preset=\u00a0\u00bbdefault\u00a0\u00bb][\/et_pb_image][et_pb_image src=\u00a0\u00bbhttps:\/\/www.combraillesdurables.fr\/\/wp-content\/uploads\/2021\/07\/Giat_4-scaled-e1627658950325.jpg\u00a0\u00bb title_text=\u00a0\u00bbGiat_4&Prime; _builder_version=\u00a0\u00bb4.9.10&Prime; _module_preset=\u00a0\u00bbdefault\u00a0\u00bb][\/et_pb_image][et_pb_image src=\u00a0\u00bbhttps:\/\/www.combraillesdurables.fr\/\/wp-content\/uploads\/2021\/07\/Pulverieres-scaled-e1627659296589.jpg\u00a0\u00bb title_text=\u00a0\u00bbPulverieres\u00a0\u00bb _builder_version=\u00a0\u00bb4.9.10&Prime; _module_preset=\u00a0\u00bbdefault\u00a0\u00bb][\/et_pb_image][\/et_pb_column][\/et_pb_row][\/et_pb_section]<\/p>\n","protected":false},"excerpt":{"rendered":"<p>Mardi 27 juillet, nous avons organis\u00e9 avec Enercoop AURA une journ\u00e9e \u00ab\u00a0terrain\u00a0\u00bb pour le projet de d\u00e9veloppement de petites centrales photovolta\u00efques au sol de 250 kWc. Pour r\u00e9sumer la d\u00e9marche, [&hellip;]<\/p>\n","protected":false},"author":1,"featured_media":3053,"comment_status":"closed","ping_status":"open","sticky":false,"template":"","format":"standard","meta":{"_et_pb_use_builder":"on","_et_pb_old_content":"<p>Mardi 27 juillet, nous avons organis\u00e9 avec Enercoop AURA une journ\u00e9e \"marathon\" pour le projet de d\u00e9veloppement de petites centrales photovolta\u00efques au sol de 250 kWc.<\/p><p>Pour r\u00e9sumer la d\u00e9marche, Combrailles Durables et Enercoop AURA ont d\u00e9but\u00e9 depuis quelques mois une r\u00e9flexion pour s\u2019associer dans une d\u00e9marche in\u00e9dite de d\u00e9veloppement de parcs solaires :<\/p><ul><li>D\u2019un c\u00f4t\u00e9, une coop\u00e9rative citoyenne, Combrailles Durables, pour mobiliser les acteurs du territoire et investir dans des nouveaux moyens de production d\u2019\u00e9lectricit\u00e9 verte.<\/li><li>De l\u2019autre, un fournisseur coop\u00e9ratif pour racheter directement l\u2019\u00e9lectricit\u00e9 produite et la distribuer \u00e0 ses clients. Enercoop s\u00e9curise ainsi un volume de production sur le long terme \u00e0 un prix fixe.<\/li><\/ul><p>L'objectif : d\u00e9velopper des petits parcs solaires au sol (250 kWc) sur des terrains d\u00e9grad\u00e9s (anciennes d\u00e9charges, anciennes mines, friches...). Nous avons d\u00e9j\u00e0 recens\u00e9 plusieurs sites dans les communaut\u00e9s de communes du d\u00e9partement.<\/p><p>Au menu de cette journ\u00e9e : visite de quelques sites \u00e0 l'ouest de la Cha\u00eene des Puys et rencontre avec le Parc Naturel R\u00e9gional des Volcans d'Auvergne pour leur pr\u00e9senter notre projet.<\/p>","_et_gb_content_width":"","footnotes":""},"categories":[12],"tags":[],"class_list":["post-3027","post","type-post","status-publish","format-standard","has-post-thumbnail","hentry","category-actualite"],"yoast_head":"<!-- This site is optimized with the Yoast SEO plugin v27.5 - https:\/\/yoast.com\/product\/yoast-seo-wordpress\/ -->\n<title>Projets photovolta\u00efques au sol : nos prospections avec Enercoop AuRA - Combrailles Durables<\/title>\n<meta name=\"robots\" content=\"index, follow, max-snippet:-1, max-image-preview:large, max-video-preview:-1\" \/>\n<link rel=\"canonical\" href=\"https:\/\/www.combraillesdurables.fr\/index.php\/2021\/08\/02\/projets-photovoltaiques-au-sol-nos-prospections-avec-enercoop-aura\/\" \/>\n<meta property=\"og:locale\" content=\"fr_FR\" \/>\n<meta property=\"og:type\" content=\"article\" \/>\n<meta property=\"og:title\" content=\"Projets photovolta\u00efques au sol : nos prospections avec Enercoop AuRA - Combrailles Durables\" \/>\n<meta property=\"og:description\" content=\"Mardi 27 juillet, nous avons organis\u00e9 avec Enercoop AURA une journ\u00e9e &quot;terrain&quot; pour le projet de d\u00e9veloppement de petites centrales photovolta\u00efques au sol de 250 kWc. Pour r\u00e9sumer la d\u00e9marche, [&hellip;]\" \/>\n<meta property=\"og:url\" content=\"https:\/\/www.combraillesdurables.fr\/index.php\/2021\/08\/02\/projets-photovoltaiques-au-sol-nos-prospections-avec-enercoop-aura\/\" \/>\n<meta property=\"og:site_name\" content=\"Combrailles Durables\" \/>\n<meta property=\"article:publisher\" content=\"https:\/\/www.facebook.com\/CombraillesDurables\/\" \/>\n<meta property=\"article:author\" content=\"https:\/\/www.facebook.com\/CombraillesDurables\" \/>\n<meta property=\"article:published_time\" content=\"2021-08-02T08:23:34+00:00\" \/>\n<meta property=\"article:modified_time\" content=\"2021-08-02T08:24:53+00:00\" \/>\n<meta property=\"og:image\" content=\"https:\/\/www.combraillesdurables.fr\/wp-content\/uploads\/2021\/08\/Capture-decran-2021-08-02-102240.jpg\" \/>\n\t<meta property=\"og:image:width\" content=\"1215\" \/>\n\t<meta property=\"og:image:height\" content=\"884\" \/>\n\t<meta property=\"og:image:type\" content=\"image\/jpeg\" \/>\n<meta name=\"author\" content=\"admin7306\" \/>\n<meta name=\"twitter:card\" content=\"summary_large_image\" \/>\n<meta name=\"twitter:creator\" content=\"@CombraillesD\" \/>\n<meta name=\"twitter:site\" content=\"@CombraillesD\" \/>\n<meta name=\"twitter:label1\" content=\"\u00c9crit par\" \/>\n\t<meta name=\"twitter:data1\" content=\"admin7306\" \/>\n\t<meta name=\"twitter:label2\" content=\"Dur\u00e9e de lecture estim\u00e9e\" \/>\n\t<meta name=\"twitter:data2\" content=\"2 minutes\" \/>\n<script type=\"application\/ld+json\" class=\"yoast-schema-graph\">{\"@context\":\"https:\\\/\\\/schema.org\",\"@graph\":[{\"@type\":\"Article\",\"@id\":\"https:\\\/\\\/www.combraillesdurables.fr\\\/index.php\\\/2021\\\/08\\\/02\\\/projets-photovoltaiques-au-sol-nos-prospections-avec-enercoop-aura\\\/#article\",\"isPartOf\":{\"@id\":\"https:\\\/\\\/www.combraillesdurables.fr\\\/index.php\\\/2021\\\/08\\\/02\\\/projets-photovoltaiques-au-sol-nos-prospections-avec-enercoop-aura\\\/\"},\"author\":{\"name\":\"admin7306\",\"@id\":\"https:\\\/\\\/www.combraillesdurables.fr\\\/#\\\/schema\\\/person\\\/65dba28a384055af13030a9dcf3f0a9d\"},\"headline\":\"Projets photovolta\u00efques au sol : nos prospections avec Enercoop AuRA\",\"datePublished\":\"2021-08-02T08:23:34+00:00\",\"dateModified\":\"2021-08-02T08:24:53+00:00\",\"mainEntityOfPage\":{\"@id\":\"https:\\\/\\\/www.combraillesdurables.fr\\\/index.php\\\/2021\\\/08\\\/02\\\/projets-photovoltaiques-au-sol-nos-prospections-avec-enercoop-aura\\\/\"},\"wordCount\":378,\"publisher\":{\"@id\":\"https:\\\/\\\/www.combraillesdurables.fr\\\/#organization\"},\"image\":{\"@id\":\"https:\\\/\\\/www.combraillesdurables.fr\\\/index.php\\\/2021\\\/08\\\/02\\\/projets-photovoltaiques-au-sol-nos-prospections-avec-enercoop-aura\\\/#primaryimage\"},\"thumbnailUrl\":\"https:\\\/\\\/www.combraillesdurables.fr\\\/wp-content\\\/uploads\\\/2021\\\/08\\\/Capture-decran-2021-08-02-102240.jpg\",\"articleSection\":[\"actualit\u00e9\"],\"inLanguage\":\"fr-FR\"},{\"@type\":\"WebPage\",\"@id\":\"https:\\\/\\\/www.combraillesdurables.fr\\\/index.php\\\/2021\\\/08\\\/02\\\/projets-photovoltaiques-au-sol-nos-prospections-avec-enercoop-aura\\\/\",\"url\":\"https:\\\/\\\/www.combraillesdurables.fr\\\/index.php\\\/2021\\\/08\\\/02\\\/projets-photovoltaiques-au-sol-nos-prospections-avec-enercoop-aura\\\/\",\"name\":\"Projets photovolta\u00efques au sol : nos prospections avec Enercoop AuRA - Combrailles Durables\",\"isPartOf\":{\"@id\":\"https:\\\/\\\/www.combraillesdurables.fr\\\/#website\"},\"primaryImageOfPage\":{\"@id\":\"https:\\\/\\\/www.combraillesdurables.fr\\\/index.php\\\/2021\\\/08\\\/02\\\/projets-photovoltaiques-au-sol-nos-prospections-avec-enercoop-aura\\\/#primaryimage\"},\"image\":{\"@id\":\"https:\\\/\\\/www.combraillesdurables.fr\\\/index.php\\\/2021\\\/08\\\/02\\\/projets-photovoltaiques-au-sol-nos-prospections-avec-enercoop-aura\\\/#primaryimage\"},\"thumbnailUrl\":\"https:\\\/\\\/www.combraillesdurables.fr\\\/wp-content\\\/uploads\\\/2021\\\/08\\\/Capture-decran-2021-08-02-102240.jpg\",\"datePublished\":\"2021-08-02T08:23:34+00:00\",\"dateModified\":\"2021-08-02T08:24:53+00:00\",\"breadcrumb\":{\"@id\":\"https:\\\/\\\/www.combraillesdurables.fr\\\/index.php\\\/2021\\\/08\\\/02\\\/projets-photovoltaiques-au-sol-nos-prospections-avec-enercoop-aura\\\/#breadcrumb\"},\"inLanguage\":\"fr-FR\",\"potentialAction\":[{\"@type\":\"ReadAction\",\"target\":[\"https:\\\/\\\/www.combraillesdurables.fr\\\/index.php\\\/2021\\\/08\\\/02\\\/projets-photovoltaiques-au-sol-nos-prospections-avec-enercoop-aura\\\/\"]}]},{\"@type\":\"ImageObject\",\"inLanguage\":\"fr-FR\",\"@id\":\"https:\\\/\\\/www.combraillesdurables.fr\\\/index.php\\\/2021\\\/08\\\/02\\\/projets-photovoltaiques-au-sol-nos-prospections-avec-enercoop-aura\\\/#primaryimage\",\"url\":\"https:\\\/\\\/www.combraillesdurables.fr\\\/wp-content\\\/uploads\\\/2021\\\/08\\\/Capture-decran-2021-08-02-102240.jpg\",\"contentUrl\":\"https:\\\/\\\/www.combraillesdurables.fr\\\/wp-content\\\/uploads\\\/2021\\\/08\\\/Capture-decran-2021-08-02-102240.jpg\",\"width\":1215,\"height\":884},{\"@type\":\"BreadcrumbList\",\"@id\":\"https:\\\/\\\/www.combraillesdurables.fr\\\/index.php\\\/2021\\\/08\\\/02\\\/projets-photovoltaiques-au-sol-nos-prospections-avec-enercoop-aura\\\/#breadcrumb\",\"itemListElement\":[{\"@type\":\"ListItem\",\"position\":1,\"name\":\"Accueil\",\"item\":\"https:\\\/\\\/www.combraillesdurables.fr\\\/\"},{\"@type\":\"ListItem\",\"position\":2,\"name\":\"Projets photovolta\u00efques au sol : nos prospections avec Enercoop AuRA\"}]},{\"@type\":\"WebSite\",\"@id\":\"https:\\\/\\\/www.combraillesdurables.fr\\\/#website\",\"url\":\"https:\\\/\\\/www.combraillesdurables.fr\\\/\",\"name\":\"Combrailles Durables\",\"description\":\"L&#039;appropriation citoyenne de l&#039;\u00e9nergie\",\"publisher\":{\"@id\":\"https:\\\/\\\/www.combraillesdurables.fr\\\/#organization\"},\"potentialAction\":[{\"@type\":\"SearchAction\",\"target\":{\"@type\":\"EntryPoint\",\"urlTemplate\":\"https:\\\/\\\/www.combraillesdurables.fr\\\/?s={search_term_string}\"},\"query-input\":{\"@type\":\"PropertyValueSpecification\",\"valueRequired\":true,\"valueName\":\"search_term_string\"}}],\"inLanguage\":\"fr-FR\"},{\"@type\":\"Organization\",\"@id\":\"https:\\\/\\\/www.combraillesdurables.fr\\\/#organization\",\"name\":\"Combrailles Durables\",\"url\":\"https:\\\/\\\/www.combraillesdurables.fr\\\/\",\"logo\":{\"@type\":\"ImageObject\",\"inLanguage\":\"fr-FR\",\"@id\":\"https:\\\/\\\/www.combraillesdurables.fr\\\/#\\\/schema\\\/logo\\\/image\\\/\",\"url\":\"http:\\\/\\\/www.combraillesdurables.fr\\\/wp-content\\\/uploads\\\/2017\\\/07\\\/Logo_cd_sans_titre.jpg\",\"contentUrl\":\"http:\\\/\\\/www.combraillesdurables.fr\\\/wp-content\\\/uploads\\\/2017\\\/07\\\/Logo_cd_sans_titre.jpg\",\"width\":1032,\"height\":1434,\"caption\":\"Combrailles Durables\"},\"image\":{\"@id\":\"https:\\\/\\\/www.combraillesdurables.fr\\\/#\\\/schema\\\/logo\\\/image\\\/\"},\"sameAs\":[\"https:\\\/\\\/www.facebook.com\\\/CombraillesDurables\\\/\",\"https:\\\/\\\/x.com\\\/CombraillesD\",\"https:\\\/\\\/www.linkedin.com\\\/company\\\/coop\u00e9rative-citoyenne-combrailles-durables\\\/\",\"https:\\\/\\\/www.youtube.com\\\/watch?v=YWw-GFuIsps&amp;amp;amp;amp;amp;list=PLonBK8rvh98W_VSh2nlgNYeloVzJkG61u\"]},{\"@type\":\"Person\",\"@id\":\"https:\\\/\\\/www.combraillesdurables.fr\\\/#\\\/schema\\\/person\\\/65dba28a384055af13030a9dcf3f0a9d\",\"name\":\"admin7306\",\"image\":{\"@type\":\"ImageObject\",\"inLanguage\":\"fr-FR\",\"@id\":\"https:\\\/\\\/secure.gravatar.com\\\/avatar\\\/c8fcd151d02104299bbbdd2c75457ceece6e4574341251a78d0545cdcf75c29a?s=96&d=mm&r=g\",\"url\":\"https:\\\/\\\/secure.gravatar.com\\\/avatar\\\/c8fcd151d02104299bbbdd2c75457ceece6e4574341251a78d0545cdcf75c29a?s=96&d=mm&r=g\",\"contentUrl\":\"https:\\\/\\\/secure.gravatar.com\\\/avatar\\\/c8fcd151d02104299bbbdd2c75457ceece6e4574341251a78d0545cdcf75c29a?s=96&d=mm&r=g\",\"caption\":\"admin7306\"},\"sameAs\":[\"https:\\\/\\\/www.facebook.com\\\/CombraillesDurables\",\"https:\\\/\\\/x.com\\\/CombraillesD\"],\"url\":\"https:\\\/\\\/www.combraillesdurables.fr\\\/index.php\\\/author\\\/admin7306\\\/\"}]}<\/script>\n<!-- \/ Yoast SEO plugin. -->","yoast_head_json":{"title":"Projets photovolta\u00efques au sol : nos prospections avec Enercoop AuRA - Combrailles Durables","robots":{"index":"index","follow":"follow","max-snippet":"max-snippet:-1","max-image-preview":"max-image-preview:large","max-video-preview":"max-video-preview:-1"},"canonical":"https:\/\/www.combraillesdurables.fr\/index.php\/2021\/08\/02\/projets-photovoltaiques-au-sol-nos-prospections-avec-enercoop-aura\/","og_locale":"fr_FR","og_type":"article","og_title":"Projets photovolta\u00efques au sol : nos prospections avec Enercoop AuRA - Combrailles Durables","og_description":"Mardi 27 juillet, nous avons organis\u00e9 avec Enercoop AURA une journ\u00e9e \"terrain\" pour le projet de d\u00e9veloppement de petites centrales photovolta\u00efques au sol de 250 kWc. Pour r\u00e9sumer la d\u00e9marche, [&hellip;]","og_url":"https:\/\/www.combraillesdurables.fr\/index.php\/2021\/08\/02\/projets-photovoltaiques-au-sol-nos-prospections-avec-enercoop-aura\/","og_site_name":"Combrailles Durables","article_publisher":"https:\/\/www.facebook.com\/CombraillesDurables\/","article_author":"https:\/\/www.facebook.com\/CombraillesDurables","article_published_time":"2021-08-02T08:23:34+00:00","article_modified_time":"2021-08-02T08:24:53+00:00","og_image":[{"width":1215,"height":884,"url":"https:\/\/www.combraillesdurables.fr\/wp-content\/uploads\/2021\/08\/Capture-decran-2021-08-02-102240.jpg","type":"image\/jpeg"}],"author":"admin7306","twitter_card":"summary_large_image","twitter_creator":"@CombraillesD","twitter_site":"@CombraillesD","twitter_misc":{"\u00c9crit par":"admin7306","Dur\u00e9e de lecture estim\u00e9e":"2 minutes"},"schema":{"@context":"https:\/\/schema.org","@graph":[{"@type":"Article","@id":"https:\/\/www.combraillesdurables.fr\/index.php\/2021\/08\/02\/projets-photovoltaiques-au-sol-nos-prospections-avec-enercoop-aura\/#article","isPartOf":{"@id":"https:\/\/www.combraillesdurables.fr\/index.php\/2021\/08\/02\/projets-photovoltaiques-au-sol-nos-prospections-avec-enercoop-aura\/"},"author":{"name":"admin7306","@id":"https:\/\/www.combraillesdurables.fr\/#\/schema\/person\/65dba28a384055af13030a9dcf3f0a9d"},"headline":"Projets photovolta\u00efques au sol : nos prospections avec Enercoop AuRA","datePublished":"2021-08-02T08:23:34+00:00","dateModified":"2021-08-02T08:24:53+00:00","mainEntityOfPage":{"@id":"https:\/\/www.combraillesdurables.fr\/index.php\/2021\/08\/02\/projets-photovoltaiques-au-sol-nos-prospections-avec-enercoop-aura\/"},"wordCount":378,"publisher":{"@id":"https:\/\/www.combraillesdurables.fr\/#organization"},"image":{"@id":"https:\/\/www.combraillesdurables.fr\/index.php\/2021\/08\/02\/projets-photovoltaiques-au-sol-nos-prospections-avec-enercoop-aura\/#primaryimage"},"thumbnailUrl":"https:\/\/www.combraillesdurables.fr\/wp-content\/uploads\/2021\/08\/Capture-decran-2021-08-02-102240.jpg","articleSection":["actualit\u00e9"],"inLanguage":"fr-FR"},{"@type":"WebPage","@id":"https:\/\/www.combraillesdurables.fr\/index.php\/2021\/08\/02\/projets-photovoltaiques-au-sol-nos-prospections-avec-enercoop-aura\/","url":"https:\/\/www.combraillesdurables.fr\/index.php\/2021\/08\/02\/projets-photovoltaiques-au-sol-nos-prospections-avec-enercoop-aura\/","name":"Projets photovolta\u00efques au sol : nos prospections avec Enercoop AuRA - Combrailles Durables","isPartOf":{"@id":"https:\/\/www.combraillesdurables.fr\/#website"},"primaryImageOfPage":{"@id":"https:\/\/www.combraillesdurables.fr\/index.php\/2021\/08\/02\/projets-photovoltaiques-au-sol-nos-prospections-avec-enercoop-aura\/#primaryimage"},"image":{"@id":"https:\/\/www.combraillesdurables.fr\/index.php\/2021\/08\/02\/projets-photovoltaiques-au-sol-nos-prospections-avec-enercoop-aura\/#primaryimage"},"thumbnailUrl":"https:\/\/www.combraillesdurables.fr\/wp-content\/uploads\/2021\/08\/Capture-decran-2021-08-02-102240.jpg","datePublished":"2021-08-02T08:23:34+00:00","dateModified":"2021-08-02T08:24:53+00:00","breadcrumb":{"@id":"https:\/\/www.combraillesdurables.fr\/index.php\/2021\/08\/02\/projets-photovoltaiques-au-sol-nos-prospections-avec-enercoop-aura\/#breadcrumb"},"inLanguage":"fr-FR","potentialAction":[{"@type":"ReadAction","target":["https:\/\/www.combraillesdurables.fr\/index.php\/2021\/08\/02\/projets-photovoltaiques-au-sol-nos-prospections-avec-enercoop-aura\/"]}]},{"@type":"ImageObject","inLanguage":"fr-FR","@id":"https:\/\/www.combraillesdurables.fr\/index.php\/2021\/08\/02\/projets-photovoltaiques-au-sol-nos-prospections-avec-enercoop-aura\/#primaryimage","url":"https:\/\/www.combraillesdurables.fr\/wp-content\/uploads\/2021\/08\/Capture-decran-2021-08-02-102240.jpg","contentUrl":"https:\/\/www.combraillesdurables.fr\/wp-content\/uploads\/2021\/08\/Capture-decran-2021-08-02-102240.jpg","width":1215,"height":884},{"@type":"BreadcrumbList","@id":"https:\/\/www.combraillesdurables.fr\/index.php\/2021\/08\/02\/projets-photovoltaiques-au-sol-nos-prospections-avec-enercoop-aura\/#breadcrumb","itemListElement":[{"@type":"ListItem","position":1,"name":"Accueil","item":"https:\/\/www.combraillesdurables.fr\/"},{"@type":"ListItem","position":2,"name":"Projets photovolta\u00efques au sol : nos prospections avec Enercoop AuRA"}]},{"@type":"WebSite","@id":"https:\/\/www.combraillesdurables.fr\/#website","url":"https:\/\/www.combraillesdurables.fr\/","name":"Combrailles Durables","description":"L&#039;appropriation citoyenne de l&#039;\u00e9nergie","publisher":{"@id":"https:\/\/www.combraillesdurables.fr\/#organization"},"potentialAction":[{"@type":"SearchAction","target":{"@type":"EntryPoint","urlTemplate":"https:\/\/www.combraillesdurables.fr\/?s={search_term_string}"},"query-input":{"@type":"PropertyValueSpecification","valueRequired":true,"valueName":"search_term_string"}}],"inLanguage":"fr-FR"},{"@type":"Organization","@id":"https:\/\/www.combraillesdurables.fr\/#organization","name":"Combrailles Durables","url":"https:\/\/www.combraillesdurables.fr\/","logo":{"@type":"ImageObject","inLanguage":"fr-FR","@id":"https:\/\/www.combraillesdurables.fr\/#\/schema\/logo\/image\/","url":"http:\/\/www.combraillesdurables.fr\/wp-content\/uploads\/2017\/07\/Logo_cd_sans_titre.jpg","contentUrl":"http:\/\/www.combraillesdurables.fr\/wp-content\/uploads\/2017\/07\/Logo_cd_sans_titre.jpg","width":1032,"height":1434,"caption":"Combrailles Durables"},"image":{"@id":"https:\/\/www.combraillesdurables.fr\/#\/schema\/logo\/image\/"},"sameAs":["https:\/\/www.facebook.com\/CombraillesDurables\/","https:\/\/x.com\/CombraillesD","https:\/\/www.linkedin.com\/company\/coop\u00e9rative-citoyenne-combrailles-durables\/","https:\/\/www.youtube.com\/watch?v=YWw-GFuIsps&amp;amp;amp;amp;amp;list=PLonBK8rvh98W_VSh2nlgNYeloVzJkG61u"]},{"@type":"Person","@id":"https:\/\/www.combraillesdurables.fr\/#\/schema\/person\/65dba28a384055af13030a9dcf3f0a9d","name":"admin7306","image":{"@type":"ImageObject","inLanguage":"fr-FR","@id":"https:\/\/secure.gravatar.com\/avatar\/c8fcd151d02104299bbbdd2c75457ceece6e4574341251a78d0545cdcf75c29a?s=96&d=mm&r=g","url":"https:\/\/secure.gravatar.com\/avatar\/c8fcd151d02104299bbbdd2c75457ceece6e4574341251a78d0545cdcf75c29a?s=96&d=mm&r=g","contentUrl":"https:\/\/secure.gravatar.com\/avatar\/c8fcd151d02104299bbbdd2c75457ceece6e4574341251a78d0545cdcf75c29a?s=96&d=mm&r=g","caption":"admin7306"},"sameAs":["https:\/\/www.facebook.com\/CombraillesDurables","https:\/\/x.com\/CombraillesD"],"url":"https:\/\/www.combraillesdurables.fr\/index.php\/author\/admin7306\/"}]}},"_links":{"self":[{"href":"https:\/\/www.combraillesdurables.fr\/index.php\/wp-json\/wp\/v2\/posts\/3027","targetHints":{"allow":["GET"]}}],"collection":[{"href":"https:\/\/www.combraillesdurables.fr\/index.php\/wp-json\/wp\/v2\/posts"}],"about":[{"href":"https:\/\/www.combraillesdurables.fr\/index.php\/wp-json\/wp\/v2\/types\/post"}],"author":[{"embeddable":true,"href":"https:\/\/www.combraillesdurables.fr\/index.php\/wp-json\/wp\/v2\/users\/1"}],"replies":[{"embeddable":true,"href":"https:\/\/www.combraillesdurables.fr\/index.php\/wp-json\/wp\/v2\/comments?post=3027"}],"version-history":[{"count":18,"href":"https:\/\/www.combraillesdurables.fr\/index.php\/wp-json\/wp\/v2\/posts\/3027\/revisions"}],"predecessor-version":[{"id":3055,"href":"https:\/\/www.combraillesdurables.fr\/index.php\/wp-json\/wp\/v2\/posts\/3027\/revisions\/3055"}],"wp:featuredmedia":[{"embeddable":true,"href":"https:\/\/www.combraillesdurables.fr\/index.php\/wp-json\/wp\/v2\/media\/3053"}],"wp:attachment":[{"href":"https:\/\/www.combraillesdurables.fr\/index.php\/wp-json\/wp\/v2\/media?parent=3027"}],"wp:term":[{"taxonomy":"category","embeddable":true,"href":"https:\/\/www.combraillesdurables.fr\/index.php\/wp-json\/wp\/v2\/categories?post=3027"},{"taxonomy":"post_tag","embeddable":true,"href":"https:\/\/www.combraillesdurables.fr\/index.php\/wp-json\/wp\/v2\/tags?post=3027"}],"curies":[{"name":"wp","href":"https:\/\/api.w.org\/{rel}","templated":true}]}}