{"id":3938,"date":"2024-03-27T12:55:48","date_gmt":"2024-03-27T11:55:48","guid":{"rendered":"https:\/\/www.combraillesdurables.fr\/?p=3938"},"modified":"2024-03-27T13:21:51","modified_gmt":"2024-03-27T12:21:51","slug":"merci-davoir-fabrique-2034-avec-nous","status":"publish","type":"post","link":"https:\/\/www.combraillesdurables.fr\/index.php\/2024\/03\/27\/merci-davoir-fabrique-2034-avec-nous\/","title":{"rendered":"Merci d&rsquo;avoir fabriqu\u00e9 2034 avec nous !"},"content":{"rendered":"<p>[et_pb_section fb_built=\u00a0\u00bb1&Prime; admin_label=\u00a0\u00bbsection\u00a0\u00bb _builder_version=\u00a0\u00bb4.16&Prime; global_colors_info=\u00a0\u00bb{}\u00a0\u00bb][et_pb_row admin_label=\u00a0\u00bbrow\u00a0\u00bb _builder_version=\u00a0\u00bb4.16&Prime; background_size=\u00a0\u00bbinitial\u00a0\u00bb background_position=\u00a0\u00bbtop_left\u00a0\u00bb background_repeat=\u00a0\u00bbrepeat\u00a0\u00bb global_colors_info=\u00a0\u00bb{}\u00a0\u00bb][et_pb_column type=\u00a0\u00bb4_4&Prime; _builder_version=\u00a0\u00bb4.16&Prime; custom_padding=\u00a0\u00bb|||\u00a0\u00bb global_colors_info=\u00a0\u00bb{}\u00a0\u00bb custom_padding__hover=\u00a0\u00bb|||\u00a0\u00bb][et_pb_text _builder_version=\u00a0\u00bb4.23.4&Prime; _module_preset=\u00a0\u00bbdefault\u00a0\u00bb global_colors_info=\u00a0\u00bb{}\u00a0\u00bb]<\/p>\n<p>Samedi, pr\u00e8s de 130 personnes se sont r\u00e9unies au Manoir de Veygoux, \u00e0 Charbonni\u00e8res les Varennes, pour imaginer un 2034 enthousiasmant et solidaire ! Pour Combrailles Durables, cet \u00e9v\u00e9nement est une r\u00e9ussite : le but \u00e9tait de montrer qui \u00e9tait la coop\u00e9rative, ce qu&rsquo;elle fait et ce qu&rsquo;elle voudrait faire \u00e0 l&rsquo;avenir, et d&#8217;emmener du monde avec elle&#8230;<\/p>\n<p>Revivez un peu de 2034 en faisant d\u00e9filer les photos ci-dessous :<\/p>\n<p>[\/et_pb_text][et_pb_gallery gallery_ids=\u00a0\u00bb3981,3974,3972,3971,3970,3969,3968,3964,3963,3950,3947,3949,3944,3942&Prime; gallery_orderby=\u00a0\u00bbrand\u00a0\u00bb posts_number=\u00a0\u00bb8&Prime; show_title_and_caption=\u00a0\u00bboff\u00a0\u00bb _builder_version=\u00a0\u00bb4.23.4&Prime; _module_preset=\u00a0\u00bbdefault\u00a0\u00bb global_colors_info=\u00a0\u00bb{}\u00a0\u00bb][\/et_pb_gallery][et_pb_image src=\u00a0\u00bbhttps:\/\/www.combraillesdurables.fr\/wp-content\/uploads\/2024\/03\/desaix-scaled.jpg\u00a0\u00bb title_text=\u00a0\u00bbdesaix\u00a0\u00bb align=\u00a0\u00bbcenter\u00a0\u00bb _builder_version=\u00a0\u00bb4.23.4&Prime; _module_preset=\u00a0\u00bbdefault\u00a0\u00bb width=\u00a0\u00bb77%\u00a0\u00bb global_colors_info=\u00a0\u00bb{}\u00a0\u00bb][\/et_pb_image][et_pb_text _builder_version=\u00a0\u00bb4.23.4&Prime; _module_preset=\u00a0\u00bbdefault\u00a0\u00bb global_colors_info=\u00a0\u00bb{}\u00a0\u00bb]<\/p>\n<p>Pour arriver \u00e0 fabriquer ce 2034, les d\u00e9fis sont nombreux \u00e0 Combrailles Durables :<\/p>\n<ul>\n<li>G\u00e9rer l&rsquo;existant, pour assurer le financement et la p\u00e9r\u00e9nit\u00e9, par des t\u00e2ches administratives&#8230; mais aussi suivre techniquement la production des centrales photovolta\u00efques existantes, entretenir nos haies fruiti\u00e8res, diffuser le jeu Permaguilde, coordonner les b\u00e9n\u00e9voles&#8230;<\/li>\n<li>D\u00e9velopper les projets de photovolta\u00efque\n<ul>\n<li>au sol, sur des terrains d\u00e9grad\u00e9s, en vente totale avec Enercoop AURA<\/li>\n<li>au sol, sur des terrains d\u00e9grad\u00e9s, en autoconsommation collective<\/li>\n<li>sur des toitures (projet de l&rsquo;\u00e9cole du Cendre notamment)<\/li>\n<\/ul>\n<\/li>\n<li>Concevoir, fabriquer et mettre \u00e0 disposition des kits photovolta\u00efques des foyers pr\u00e9caires \u00e0 partir de panneaux r\u00e9employ\u00e9s, avec les Compagnons B\u00e2tisseurs<\/li>\n<li>S&rsquo;investir localement dans d&rsquo;autres projets avec nos partenaires : alimentation, mobilit\u00e9, autopartage, monnaie locale, r\u00e9emploi, mode durable, \u00e9ducation populaire&#8230;<\/li>\n<\/ul>\n<p>[\/et_pb_text][et_pb_gallery gallery_ids=\u00a0\u00bb3973,3969,3942,3993&Prime; _builder_version=\u00a0\u00bb4.23.4&Prime; _module_preset=\u00a0\u00bbdefault\u00a0\u00bb global_colors_info=\u00a0\u00bb{}\u00a0\u00bb][\/et_pb_gallery][et_pb_text _builder_version=\u00a0\u00bb4.23.4&Prime; _module_preset=\u00a0\u00bbdefault\u00a0\u00bb global_colors_info=\u00a0\u00bb{}\u00a0\u00bb]<\/p>\n<p>Alors Combrailles Durables a besoin de vous, qui que vous soyez et quelles que soient vos disponibilit\u00e9s ou comp\u00e9tences ! Il y en a pour tous les gouts :<\/p>\n<ul>\n<li>se tenir inform\u00e9, en parler<\/li>\n<li>devenir coop\u00e9rateur<\/li>\n<li>devenir b\u00e9n\u00e9vole<\/li>\n<li>devenir partenaire<\/li>\n<\/ul>\n<p>Contactez-nous, qu&rsquo;on en discute !<\/p>\n<p>[\/et_pb_text][et_pb_image src=\u00a0\u00bbhttps:\/\/www.combraillesdurables.fr\/wp-content\/uploads\/2024\/03\/dessin_engagezvous-scaled.jpg\u00a0\u00bb title_text=\u00a0\u00bbdessin_engagezvous\u00a0\u00bb align=\u00a0\u00bbcenter\u00a0\u00bb _builder_version=\u00a0\u00bb4.23.4&Prime; _module_preset=\u00a0\u00bbdefault\u00a0\u00bb width=\u00a0\u00bb76%\u00a0\u00bb global_colors_info=\u00a0\u00bb{}\u00a0\u00bb][\/et_pb_image][et_pb_text _builder_version=\u00a0\u00bb4.23.4&Prime; _module_preset=\u00a0\u00bbdefault\u00a0\u00bb global_colors_info=\u00a0\u00bb{}\u00a0\u00bb]<\/p>\n<p>Si cette journ\u00e9e en 2034 a \u00e9t\u00e9 un succ\u00e8s, c&rsquo;est gr\u00e2ce \u00e0 vous, alors merci beaucoup<\/p>\n<ul>\n<li>aux copains, aux associations partenaires, aux prestataires qui ont jou\u00e9 le jeu et nous ont propos\u00e9 des ateliers et des animations au top !<\/li>\n<li>aux b\u00e9n\u00e9voles qui oeuvrent depuis No\u00ebl&#8230; ou depuis ce matin, pour organiser tout \u00e7a aux petits oignons<\/li>\n<li>\u00e0 l&rsquo;\u00e9quipe de choc Adrienne, Val\u00e9rie, Brigitte et Pierre<\/li>\n<li>aux conjoints et familles de tous ceux cit\u00e9s juste avant pour la patience et le soutien<\/li>\n<li>aux nombreux visiteurs !<\/li>\n<\/ul>\n<p>[\/et_pb_text][et_pb_gallery gallery_ids=\u00a0\u00bb3975,3972,3965,3962,3960,3959,3948,3946,3945,3943,3988,3966,3963,3968&Prime; _builder_version=\u00a0\u00bb4.23.4&Prime; _module_preset=\u00a0\u00bbdefault\u00a0\u00bb global_colors_info=\u00a0\u00bb{}\u00a0\u00bb][\/et_pb_gallery][et_pb_text _builder_version=\u00a0\u00bb4.23.4&Prime; _module_preset=\u00a0\u00bbdefault\u00a0\u00bb global_colors_info=\u00a0\u00bb{}\u00a0\u00bb]<\/p>\n<h4 style=\"text-align: left;\"><strong>Vivement notre 2034&#8230;<\/strong><\/h4>\n<p>[\/et_pb_text][et_pb_gallery gallery_ids=\u00a0\u00bb3992,3991,3955,3951&Prime; show_title_and_caption=\u00a0\u00bboff\u00a0\u00bb show_pagination=\u00a0\u00bboff\u00a0\u00bb _builder_version=\u00a0\u00bb4.23.4&Prime; _module_preset=\u00a0\u00bbdefault\u00a0\u00bb global_colors_info=\u00a0\u00bb{}\u00a0\u00bb][\/et_pb_gallery][et_pb_image src=\u00a0\u00bbhttps:\/\/www.combraillesdurables.fr\/wp-content\/uploads\/2024\/03\/fanfare.jpg\u00a0\u00bb title_text=\u00a0\u00bbfanfare\u00a0\u00bb align=\u00a0\u00bbcenter\u00a0\u00bb _builder_version=\u00a0\u00bb4.23.4&Prime; _module_preset=\u00a0\u00bbdefault\u00a0\u00bb width=\u00a0\u00bb76%\u00a0\u00bb global_colors_info=\u00a0\u00bb{}\u00a0\u00bb][\/et_pb_image][et_pb_text _builder_version=\u00a0\u00bb4.23.4&Prime; _module_preset=\u00a0\u00bbdefault\u00a0\u00bb global_colors_info=\u00a0\u00bb{}\u00a0\u00bb]<\/p>\n<p>La Woueyst Coast Fanfare a refait le monde en musique avec nous (vid\u00e9o ci-dessous)<\/p>\n<p>[\/et_pb_text][et_pb_video src=\u00a0\u00bbhttps:\/\/www.combraillesdurables.fr\/wp-content\/uploads\/2024\/03\/document_5767136502857340473.mp4&Prime; _builder_version=\u00a0\u00bb4.23.4&Prime; _module_preset=\u00a0\u00bbdefault\u00a0\u00bb width=\u00a0\u00bb40%\u00a0\u00bb hover_enabled=\u00a0\u00bb0&Prime; global_colors_info=\u00a0\u00bb{}\u00a0\u00bb module_alignment=\u00a0\u00bbcenter\u00a0\u00bb sticky_enabled=\u00a0\u00bb0&Prime;][\/et_pb_video][et_pb_text _builder_version=\u00a0\u00bb4.23.4&Prime; _module_preset=\u00a0\u00bbdefault\u00a0\u00bb global_colors_info=\u00a0\u00bb{}\u00a0\u00bb]<\/p>\n<p>Alors qu&rsquo;Ang\u00e8le et son petit groupe ont \u00e9crit \u00e0 quoi pourraient ressembler les Combrailles en 2034 :<\/p>\n<p>[\/et_pb_text][et_pb_testimonial author=\u00a0\u00bbAtelier d&rsquo;\u00e9criture guid\u00e9e, par Ang\u00e8le\u00a0\u00bb _builder_version=\u00a0\u00bb4.23.4&Prime; _module_preset=\u00a0\u00bbdefault\u00a0\u00bb global_colors_info=\u00a0\u00bb{}\u00a0\u00bb]<\/p>\n<p>Loubeyrat 2034<\/p>\n<p>Le 10 janvier 2034, \u00e0 la centrale nucl\u00e9aire du Bugey, un r\u00e9acteur \u00e2g\u00e9 de 59 ans connait un incident majeur avec rupture de l\u2019enceinte de confinement. Toutes les personnes dans un rayon de 50 km \u00e0 la ronde sont \u00e9vacu\u00e9es dans la panique pour une dur\u00e9e ind\u00e9termin\u00e9e. Tous les r\u00e9acteurs pr\u00e9sentant les m\u00eames d\u00e9fauts potentiels sont mis \u00e0 l\u2019arr\u00eat avant une inspection approfondie. La production d\u2019\u00e9lectricit\u00e9 est r\u00e9duite de moiti\u00e9, ce qui permet d\u2019alimenter les h\u00f4pitaux et les services essentiels mais seulement de fournir trois heures par jour d\u2019\u00e9lectricit\u00e9 aux particuliers, par rotation.<br \/>Pierre Dupont Nemours, 55 ans, est journaliste et sp\u00e9cialiste des questions \u00e9nerg\u00e9tiques dans un grand quotidien national. Il apprend que dans un petit territoire auvergnat, la majorit\u00e9 des habitants semblent vivre comme d\u2019habitude. Il d\u00e9cide d\u2019enqu\u00eater.<br \/>Il prend le train \u00e0 Paris Clermont et rencontre Sophie qui revient de sa journ\u00e9e de travail hebdomadaire \u00e0 Paris. Le train a pris du retard et donc l\u2019\u00e9lectricit\u00e9 est coup\u00e9e alors qu\u2019il est dans la gare d\u2019Aigueperse. Sophie qui habite \u00e0 Chaptuzat, \u00e0 3 km, propose \u00e0 Pierre de l\u2019h\u00e9berger chez elle. Elle pense qu\u2019elle a assez de batterie dans sa\u00a0 voiture \u00e9lectrique gar\u00e9e devant la gare pour rentrer chez elle. C\u2019est le cas, mais malheureusement, le portail \u00e9lectrique est bloqu\u00e9 ferm\u00e9 et ils doivent l\u2019escalader pour entrer . La maison est froide, heureusement, il reste quelques b\u00fbches pour l\u2019insert. Le lendemain matin, Sophie pr\u00eate le v\u00e9lo historique familial \u00e0 Pierre pour qu\u2019il puisse se rendre \u00e0 Loubeyrat, ce qui lui prend deux bonnes heures.<br \/>Pierre arrive \u00e0 Loubeyrat et d\u00e9couvre un caf\u00e9 \u00e9tonnamment allum\u00e9. Il entre, il fait chaud et \u00e7a sent m\u00eame le caf\u00e9. Une femme derri\u00e8re le comptoir discute avec un consommateur.<br \/>&#8211;<em>Bonjour, je m\u2019appelle Pierre Dupont Nemours, je suis journaliste et j\u2019ai entendu dire que, dans votre province, vous viviez comme d\u2019habitude. Je viens enqu\u00eater.<br \/><\/em><em>&#8211; Bonjour, je m\u2019appelle Monique, je suis herboriste et b\u00e9n\u00e9vole au caf\u00e9 associatif<br \/><\/em><em>&#8211; Bonjour, moi, c\u2019est Th\u00e9ophile, je suis architecte en construction bois et je travaille \u00e0 l\u2019isolation de ce b\u00e2timent.<br \/><\/em>Pierre\u00a0<em>:- Ou est cach\u00e9 votre groupe \u00e9lectrog\u00e8ne\u00a0?<br \/><\/em>Th\u00e9ophile\u00a0: <em>&#8211; C\u2019est quoi, un groupe \u00e9lectrog\u00e8ne\u00a0?<br \/><\/em>Monique\u00a0: &#8211;<em> on produit notre propre \u00e9lectricit\u00e9 depuis 2009 et depuis 10 ans, on mutualise entre voisins des \u00e9oliennes et des photos panneaux photovolta\u00efques. D\u2019ailleurs, Th\u00e9ophile, est-ce que tu pourras charger ton v\u00e9lo cet apr\u00e8s-midi\u00a0? j\u2019ai besoin de faire s\u00e9cher mes plantes cette nuit\u00a0!<br \/><\/em>Th\u00e9ophile\u00a0:-<em> pas de probl\u00e8me\u00a0!<br \/><\/em>Pierre\u00a0:<em> -c\u2019est un peu compliqu\u00e9, vous \u00eates constamment oblig\u00e9 de calculer et de vous concerter, c\u2019est un peu de la planification\u00a0!<br \/><\/em>Th\u00e9ophile\u00a0: <em>-Oui, mais nous, on a du jus\u00a0!<br \/><\/em>Monique\u00a0: <em>-C\u2019est vrai que \u00e7a demande une organisation, mais c\u2019est un apprentissage qu\u2019on a fait depuis longtemps. Et ce n\u2019est pas plus compliqu\u00e9 que partager une voiture \u00e0 huit\u00a0!<br \/><\/em>\u00a0Pierre sort et et poursuit son enqu\u00eate dans les rues de Loubeyrat. Il est intrigu\u00e9 par une tente surmont\u00e9e de panneaux photovolta\u00efques devant laquelle des b\u00e9n\u00e9voles distribuent boissons chaudes et couvertures. Sur la tente est fix\u00e9e une banderole \u00ab\u00a0bienvenue \u00e0 la CAME\u00a0\u00bb \u2026<br \/>Un des b\u00e9n\u00e9voles vient \u00e0 la rencontre de Pierre et lui lance :<br \/><em>Bienvenue \u00e0 la Centrale d\u2019Accueil des Migrants Energ\u00e9tiques\u00a0!<\/em><\/p>\n<p>[\/et_pb_testimonial][et_pb_image src=\u00a0\u00bbhttps:\/\/www.combraillesdurables.fr\/wp-content\/uploads\/2024\/03\/FNF_progrWebp2-scaled.jpg\u00a0\u00bb title_text=\u00a0\u00bbFNF_progrWebp2&Prime; _builder_version=\u00a0\u00bb4.23.4&Prime; _module_preset=\u00a0\u00bbdefault\u00a0\u00bb width=\u00a0\u00bb88%\u00a0\u00bb global_colors_info=\u00a0\u00bb{}\u00a0\u00bb][\/et_pb_image][et_pb_text _builder_version=\u00a0\u00bb4.23.4&Prime; _module_preset=\u00a0\u00bbdefault\u00a0\u00bb global_colors_info=\u00a0\u00bb{}\u00a0\u00bb]<\/p>\n<p><em>Cette apr\u00e8s-midi est financ\u00e9e par l\u2019ADEME dans le cadre du programme <a href=\"https:\/\/librairie.ademe.fr\/dechets-economie-circulaire\/6695-programme-coop-ter.html\" target=\"_blank\" rel=\"noopener\">Territoires de services et de coop\u00e9rations COOPTER<\/a>, qui vise \u00e0 d\u00e9velopper un nouveau mod\u00e8le \u00e9conomique favorable \u00e0 la transition des territoires.<\/em><\/p>\n<p>[\/et_pb_text][\/et_pb_column][\/et_pb_row][\/et_pb_section]<\/p>\n","protected":false},"excerpt":{"rendered":"<p>Samedi, pr\u00e8s de 130 personnes se sont r\u00e9unies au Manoir de Veygoux, \u00e0 Charbonni\u00e8res les Varennes, pour imaginer un 2034 enthousiasmant et solidaire ! Pour Combrailles Durables, cet \u00e9v\u00e9nement est [&hellip;]<\/p>\n","protected":false},"author":2,"featured_media":3980,"comment_status":"closed","ping_status":"open","sticky":false,"template":"","format":"standard","meta":{"_et_pb_use_builder":"on","_et_pb_old_content":"","_et_gb_content_width":"","footnotes":""},"categories":[12,32],"tags":[],"class_list":["post-3938","post","type-post","status-publish","format-standard","has-post-thumbnail","hentry","category-actualite","category-racines"],"yoast_head":"<!-- This site is optimized with the Yoast SEO plugin v27.5 - https:\/\/yoast.com\/product\/yoast-seo-wordpress\/ -->\n<title>Merci d&#039;avoir fabriqu\u00e9 2034 avec nous ! - Combrailles Durables<\/title>\n<meta name=\"robots\" content=\"index, follow, max-snippet:-1, max-image-preview:large, max-video-preview:-1\" \/>\n<link rel=\"canonical\" href=\"https:\/\/www.combraillesdurables.fr\/index.php\/2024\/03\/27\/merci-davoir-fabrique-2034-avec-nous\/\" \/>\n<meta property=\"og:locale\" content=\"fr_FR\" \/>\n<meta property=\"og:type\" content=\"article\" \/>\n<meta property=\"og:title\" content=\"Merci d&#039;avoir fabriqu\u00e9 2034 avec nous ! - Combrailles Durables\" \/>\n<meta property=\"og:description\" content=\"Samedi, pr\u00e8s de 130 personnes se sont r\u00e9unies au Manoir de Veygoux, \u00e0 Charbonni\u00e8res les Varennes, pour imaginer un 2034 enthousiasmant et solidaire ! Pour Combrailles Durables, cet \u00e9v\u00e9nement est [&hellip;]\" \/>\n<meta property=\"og:url\" content=\"https:\/\/www.combraillesdurables.fr\/index.php\/2024\/03\/27\/merci-davoir-fabrique-2034-avec-nous\/\" \/>\n<meta property=\"og:site_name\" content=\"Combrailles Durables\" \/>\n<meta property=\"article:publisher\" content=\"https:\/\/www.facebook.com\/CombraillesDurables\/\" \/>\n<meta property=\"article:author\" content=\"https:\/\/www.facebook.com\/nelly.galland\" \/>\n<meta property=\"article:published_time\" content=\"2024-03-27T11:55:48+00:00\" \/>\n<meta property=\"article:modified_time\" content=\"2024-03-27T12:21:51+00:00\" \/>\n<meta property=\"og:image\" content=\"https:\/\/www.combraillesdurables.fr\/wp-content\/uploads\/2024\/03\/dessin_futur-small-1-scaled.jpg\" \/>\n\t<meta property=\"og:image:width\" content=\"2160\" \/>\n\t<meta property=\"og:image:height\" content=\"2880\" \/>\n\t<meta property=\"og:image:type\" content=\"image\/jpeg\" \/>\n<meta name=\"author\" content=\"Nelly GALLAND\" \/>\n<meta name=\"twitter:card\" content=\"summary_large_image\" \/>\n<meta name=\"twitter:creator\" content=\"@CombraillesD\" \/>\n<meta name=\"twitter:site\" content=\"@CombraillesD\" \/>\n<meta name=\"twitter:label1\" content=\"\u00c9crit par\" \/>\n\t<meta name=\"twitter:data1\" content=\"Nelly GALLAND\" \/>\n\t<meta name=\"twitter:label2\" content=\"Dur\u00e9e de lecture estim\u00e9e\" \/>\n\t<meta name=\"twitter:data2\" content=\"14 minutes\" \/>\n<script type=\"application\/ld+json\" class=\"yoast-schema-graph\">{\"@context\":\"https:\\\/\\\/schema.org\",\"@graph\":[{\"@type\":\"Article\",\"@id\":\"https:\\\/\\\/www.combraillesdurables.fr\\\/index.php\\\/2024\\\/03\\\/27\\\/merci-davoir-fabrique-2034-avec-nous\\\/#article\",\"isPartOf\":{\"@id\":\"https:\\\/\\\/www.combraillesdurables.fr\\\/index.php\\\/2024\\\/03\\\/27\\\/merci-davoir-fabrique-2034-avec-nous\\\/\"},\"author\":{\"name\":\"Nelly GALLAND\",\"@id\":\"https:\\\/\\\/www.combraillesdurables.fr\\\/#\\\/schema\\\/person\\\/a6e4141ad94f743986ada4183b29df75\"},\"headline\":\"Merci d&rsquo;avoir fabriqu\u00e9 2034 avec nous !\",\"datePublished\":\"2024-03-27T11:55:48+00:00\",\"dateModified\":\"2024-03-27T12:21:51+00:00\",\"mainEntityOfPage\":{\"@id\":\"https:\\\/\\\/www.combraillesdurables.fr\\\/index.php\\\/2024\\\/03\\\/27\\\/merci-davoir-fabrique-2034-avec-nous\\\/\"},\"wordCount\":1437,\"publisher\":{\"@id\":\"https:\\\/\\\/www.combraillesdurables.fr\\\/#organization\"},\"image\":{\"@id\":\"https:\\\/\\\/www.combraillesdurables.fr\\\/index.php\\\/2024\\\/03\\\/27\\\/merci-davoir-fabrique-2034-avec-nous\\\/#primaryimage\"},\"thumbnailUrl\":\"https:\\\/\\\/www.combraillesdurables.fr\\\/wp-content\\\/uploads\\\/2024\\\/03\\\/dessin_futur-small-1-scaled.jpg\",\"articleSection\":[\"actualit\u00e9\",\"racines\"],\"inLanguage\":\"fr-FR\"},{\"@type\":\"WebPage\",\"@id\":\"https:\\\/\\\/www.combraillesdurables.fr\\\/index.php\\\/2024\\\/03\\\/27\\\/merci-davoir-fabrique-2034-avec-nous\\\/\",\"url\":\"https:\\\/\\\/www.combraillesdurables.fr\\\/index.php\\\/2024\\\/03\\\/27\\\/merci-davoir-fabrique-2034-avec-nous\\\/\",\"name\":\"Merci d'avoir fabriqu\u00e9 2034 avec nous ! - Combrailles Durables\",\"isPartOf\":{\"@id\":\"https:\\\/\\\/www.combraillesdurables.fr\\\/#website\"},\"primaryImageOfPage\":{\"@id\":\"https:\\\/\\\/www.combraillesdurables.fr\\\/index.php\\\/2024\\\/03\\\/27\\\/merci-davoir-fabrique-2034-avec-nous\\\/#primaryimage\"},\"image\":{\"@id\":\"https:\\\/\\\/www.combraillesdurables.fr\\\/index.php\\\/2024\\\/03\\\/27\\\/merci-davoir-fabrique-2034-avec-nous\\\/#primaryimage\"},\"thumbnailUrl\":\"https:\\\/\\\/www.combraillesdurables.fr\\\/wp-content\\\/uploads\\\/2024\\\/03\\\/dessin_futur-small-1-scaled.jpg\",\"datePublished\":\"2024-03-27T11:55:48+00:00\",\"dateModified\":\"2024-03-27T12:21:51+00:00\",\"breadcrumb\":{\"@id\":\"https:\\\/\\\/www.combraillesdurables.fr\\\/index.php\\\/2024\\\/03\\\/27\\\/merci-davoir-fabrique-2034-avec-nous\\\/#breadcrumb\"},\"inLanguage\":\"fr-FR\",\"potentialAction\":[{\"@type\":\"ReadAction\",\"target\":[\"https:\\\/\\\/www.combraillesdurables.fr\\\/index.php\\\/2024\\\/03\\\/27\\\/merci-davoir-fabrique-2034-avec-nous\\\/\"]}]},{\"@type\":\"ImageObject\",\"inLanguage\":\"fr-FR\",\"@id\":\"https:\\\/\\\/www.combraillesdurables.fr\\\/index.php\\\/2024\\\/03\\\/27\\\/merci-davoir-fabrique-2034-avec-nous\\\/#primaryimage\",\"url\":\"https:\\\/\\\/www.combraillesdurables.fr\\\/wp-content\\\/uploads\\\/2024\\\/03\\\/dessin_futur-small-1-scaled.jpg\",\"contentUrl\":\"https:\\\/\\\/www.combraillesdurables.fr\\\/wp-content\\\/uploads\\\/2024\\\/03\\\/dessin_futur-small-1-scaled.jpg\",\"width\":2160,\"height\":2880},{\"@type\":\"BreadcrumbList\",\"@id\":\"https:\\\/\\\/www.combraillesdurables.fr\\\/index.php\\\/2024\\\/03\\\/27\\\/merci-davoir-fabrique-2034-avec-nous\\\/#breadcrumb\",\"itemListElement\":[{\"@type\":\"ListItem\",\"position\":1,\"name\":\"Accueil\",\"item\":\"https:\\\/\\\/www.combraillesdurables.fr\\\/\"},{\"@type\":\"ListItem\",\"position\":2,\"name\":\"Merci d&rsquo;avoir fabriqu\u00e9 2034 avec nous !\"}]},{\"@type\":\"WebSite\",\"@id\":\"https:\\\/\\\/www.combraillesdurables.fr\\\/#website\",\"url\":\"https:\\\/\\\/www.combraillesdurables.fr\\\/\",\"name\":\"Combrailles Durables\",\"description\":\"L&#039;appropriation citoyenne de l&#039;\u00e9nergie\",\"publisher\":{\"@id\":\"https:\\\/\\\/www.combraillesdurables.fr\\\/#organization\"},\"potentialAction\":[{\"@type\":\"SearchAction\",\"target\":{\"@type\":\"EntryPoint\",\"urlTemplate\":\"https:\\\/\\\/www.combraillesdurables.fr\\\/?s={search_term_string}\"},\"query-input\":{\"@type\":\"PropertyValueSpecification\",\"valueRequired\":true,\"valueName\":\"search_term_string\"}}],\"inLanguage\":\"fr-FR\"},{\"@type\":\"Organization\",\"@id\":\"https:\\\/\\\/www.combraillesdurables.fr\\\/#organization\",\"name\":\"Combrailles Durables\",\"url\":\"https:\\\/\\\/www.combraillesdurables.fr\\\/\",\"logo\":{\"@type\":\"ImageObject\",\"inLanguage\":\"fr-FR\",\"@id\":\"https:\\\/\\\/www.combraillesdurables.fr\\\/#\\\/schema\\\/logo\\\/image\\\/\",\"url\":\"http:\\\/\\\/www.combraillesdurables.fr\\\/wp-content\\\/uploads\\\/2017\\\/07\\\/Logo_cd_sans_titre.jpg\",\"contentUrl\":\"http:\\\/\\\/www.combraillesdurables.fr\\\/wp-content\\\/uploads\\\/2017\\\/07\\\/Logo_cd_sans_titre.jpg\",\"width\":1032,\"height\":1434,\"caption\":\"Combrailles Durables\"},\"image\":{\"@id\":\"https:\\\/\\\/www.combraillesdurables.fr\\\/#\\\/schema\\\/logo\\\/image\\\/\"},\"sameAs\":[\"https:\\\/\\\/www.facebook.com\\\/CombraillesDurables\\\/\",\"https:\\\/\\\/x.com\\\/CombraillesD\",\"https:\\\/\\\/www.linkedin.com\\\/company\\\/coop\u00e9rative-citoyenne-combrailles-durables\\\/\",\"https:\\\/\\\/www.youtube.com\\\/watch?v=YWw-GFuIsps&amp;amp;amp;amp;amp;list=PLonBK8rvh98W_VSh2nlgNYeloVzJkG61u\"]},{\"@type\":\"Person\",\"@id\":\"https:\\\/\\\/www.combraillesdurables.fr\\\/#\\\/schema\\\/person\\\/a6e4141ad94f743986ada4183b29df75\",\"name\":\"Nelly GALLAND\",\"image\":{\"@type\":\"ImageObject\",\"inLanguage\":\"fr-FR\",\"@id\":\"https:\\\/\\\/secure.gravatar.com\\\/avatar\\\/703652b67390d47d912e0a89a95fed5cac83a943c8bfb29f6cb4c02a0343b58e?s=96&d=mm&r=g\",\"url\":\"https:\\\/\\\/secure.gravatar.com\\\/avatar\\\/703652b67390d47d912e0a89a95fed5cac83a943c8bfb29f6cb4c02a0343b58e?s=96&d=mm&r=g\",\"contentUrl\":\"https:\\\/\\\/secure.gravatar.com\\\/avatar\\\/703652b67390d47d912e0a89a95fed5cac83a943c8bfb29f6cb4c02a0343b58e?s=96&d=mm&r=g\",\"caption\":\"Nelly GALLAND\"},\"sameAs\":[\"https:\\\/\\\/www.facebook.com\\\/nelly.galland\"],\"url\":\"https:\\\/\\\/www.combraillesdurables.fr\\\/index.php\\\/author\\\/lilly\\\/\"}]}<\/script>\n<!-- \/ Yoast SEO plugin. -->","yoast_head_json":{"title":"Merci d'avoir fabriqu\u00e9 2034 avec nous ! - Combrailles Durables","robots":{"index":"index","follow":"follow","max-snippet":"max-snippet:-1","max-image-preview":"max-image-preview:large","max-video-preview":"max-video-preview:-1"},"canonical":"https:\/\/www.combraillesdurables.fr\/index.php\/2024\/03\/27\/merci-davoir-fabrique-2034-avec-nous\/","og_locale":"fr_FR","og_type":"article","og_title":"Merci d'avoir fabriqu\u00e9 2034 avec nous ! - Combrailles Durables","og_description":"Samedi, pr\u00e8s de 130 personnes se sont r\u00e9unies au Manoir de Veygoux, \u00e0 Charbonni\u00e8res les Varennes, pour imaginer un 2034 enthousiasmant et solidaire ! Pour Combrailles Durables, cet \u00e9v\u00e9nement est [&hellip;]","og_url":"https:\/\/www.combraillesdurables.fr\/index.php\/2024\/03\/27\/merci-davoir-fabrique-2034-avec-nous\/","og_site_name":"Combrailles Durables","article_publisher":"https:\/\/www.facebook.com\/CombraillesDurables\/","article_author":"https:\/\/www.facebook.com\/nelly.galland","article_published_time":"2024-03-27T11:55:48+00:00","article_modified_time":"2024-03-27T12:21:51+00:00","og_image":[{"width":2160,"height":2880,"url":"https:\/\/www.combraillesdurables.fr\/wp-content\/uploads\/2024\/03\/dessin_futur-small-1-scaled.jpg","type":"image\/jpeg"}],"author":"Nelly GALLAND","twitter_card":"summary_large_image","twitter_creator":"@CombraillesD","twitter_site":"@CombraillesD","twitter_misc":{"\u00c9crit par":"Nelly GALLAND","Dur\u00e9e de lecture estim\u00e9e":"14 minutes"},"schema":{"@context":"https:\/\/schema.org","@graph":[{"@type":"Article","@id":"https:\/\/www.combraillesdurables.fr\/index.php\/2024\/03\/27\/merci-davoir-fabrique-2034-avec-nous\/#article","isPartOf":{"@id":"https:\/\/www.combraillesdurables.fr\/index.php\/2024\/03\/27\/merci-davoir-fabrique-2034-avec-nous\/"},"author":{"name":"Nelly GALLAND","@id":"https:\/\/www.combraillesdurables.fr\/#\/schema\/person\/a6e4141ad94f743986ada4183b29df75"},"headline":"Merci d&rsquo;avoir fabriqu\u00e9 2034 avec nous !","datePublished":"2024-03-27T11:55:48+00:00","dateModified":"2024-03-27T12:21:51+00:00","mainEntityOfPage":{"@id":"https:\/\/www.combraillesdurables.fr\/index.php\/2024\/03\/27\/merci-davoir-fabrique-2034-avec-nous\/"},"wordCount":1437,"publisher":{"@id":"https:\/\/www.combraillesdurables.fr\/#organization"},"image":{"@id":"https:\/\/www.combraillesdurables.fr\/index.php\/2024\/03\/27\/merci-davoir-fabrique-2034-avec-nous\/#primaryimage"},"thumbnailUrl":"https:\/\/www.combraillesdurables.fr\/wp-content\/uploads\/2024\/03\/dessin_futur-small-1-scaled.jpg","articleSection":["actualit\u00e9","racines"],"inLanguage":"fr-FR"},{"@type":"WebPage","@id":"https:\/\/www.combraillesdurables.fr\/index.php\/2024\/03\/27\/merci-davoir-fabrique-2034-avec-nous\/","url":"https:\/\/www.combraillesdurables.fr\/index.php\/2024\/03\/27\/merci-davoir-fabrique-2034-avec-nous\/","name":"Merci d'avoir fabriqu\u00e9 2034 avec nous ! - Combrailles Durables","isPartOf":{"@id":"https:\/\/www.combraillesdurables.fr\/#website"},"primaryImageOfPage":{"@id":"https:\/\/www.combraillesdurables.fr\/index.php\/2024\/03\/27\/merci-davoir-fabrique-2034-avec-nous\/#primaryimage"},"image":{"@id":"https:\/\/www.combraillesdurables.fr\/index.php\/2024\/03\/27\/merci-davoir-fabrique-2034-avec-nous\/#primaryimage"},"thumbnailUrl":"https:\/\/www.combraillesdurables.fr\/wp-content\/uploads\/2024\/03\/dessin_futur-small-1-scaled.jpg","datePublished":"2024-03-27T11:55:48+00:00","dateModified":"2024-03-27T12:21:51+00:00","breadcrumb":{"@id":"https:\/\/www.combraillesdurables.fr\/index.php\/2024\/03\/27\/merci-davoir-fabrique-2034-avec-nous\/#breadcrumb"},"inLanguage":"fr-FR","potentialAction":[{"@type":"ReadAction","target":["https:\/\/www.combraillesdurables.fr\/index.php\/2024\/03\/27\/merci-davoir-fabrique-2034-avec-nous\/"]}]},{"@type":"ImageObject","inLanguage":"fr-FR","@id":"https:\/\/www.combraillesdurables.fr\/index.php\/2024\/03\/27\/merci-davoir-fabrique-2034-avec-nous\/#primaryimage","url":"https:\/\/www.combraillesdurables.fr\/wp-content\/uploads\/2024\/03\/dessin_futur-small-1-scaled.jpg","contentUrl":"https:\/\/www.combraillesdurables.fr\/wp-content\/uploads\/2024\/03\/dessin_futur-small-1-scaled.jpg","width":2160,"height":2880},{"@type":"BreadcrumbList","@id":"https:\/\/www.combraillesdurables.fr\/index.php\/2024\/03\/27\/merci-davoir-fabrique-2034-avec-nous\/#breadcrumb","itemListElement":[{"@type":"ListItem","position":1,"name":"Accueil","item":"https:\/\/www.combraillesdurables.fr\/"},{"@type":"ListItem","position":2,"name":"Merci d&rsquo;avoir fabriqu\u00e9 2034 avec nous !"}]},{"@type":"WebSite","@id":"https:\/\/www.combraillesdurables.fr\/#website","url":"https:\/\/www.combraillesdurables.fr\/","name":"Combrailles Durables","description":"L&#039;appropriation citoyenne de l&#039;\u00e9nergie","publisher":{"@id":"https:\/\/www.combraillesdurables.fr\/#organization"},"potentialAction":[{"@type":"SearchAction","target":{"@type":"EntryPoint","urlTemplate":"https:\/\/www.combraillesdurables.fr\/?s={search_term_string}"},"query-input":{"@type":"PropertyValueSpecification","valueRequired":true,"valueName":"search_term_string"}}],"inLanguage":"fr-FR"},{"@type":"Organization","@id":"https:\/\/www.combraillesdurables.fr\/#organization","name":"Combrailles Durables","url":"https:\/\/www.combraillesdurables.fr\/","logo":{"@type":"ImageObject","inLanguage":"fr-FR","@id":"https:\/\/www.combraillesdurables.fr\/#\/schema\/logo\/image\/","url":"http:\/\/www.combraillesdurables.fr\/wp-content\/uploads\/2017\/07\/Logo_cd_sans_titre.jpg","contentUrl":"http:\/\/www.combraillesdurables.fr\/wp-content\/uploads\/2017\/07\/Logo_cd_sans_titre.jpg","width":1032,"height":1434,"caption":"Combrailles Durables"},"image":{"@id":"https:\/\/www.combraillesdurables.fr\/#\/schema\/logo\/image\/"},"sameAs":["https:\/\/www.facebook.com\/CombraillesDurables\/","https:\/\/x.com\/CombraillesD","https:\/\/www.linkedin.com\/company\/coop\u00e9rative-citoyenne-combrailles-durables\/","https:\/\/www.youtube.com\/watch?v=YWw-GFuIsps&amp;amp;amp;amp;amp;list=PLonBK8rvh98W_VSh2nlgNYeloVzJkG61u"]},{"@type":"Person","@id":"https:\/\/www.combraillesdurables.fr\/#\/schema\/person\/a6e4141ad94f743986ada4183b29df75","name":"Nelly GALLAND","image":{"@type":"ImageObject","inLanguage":"fr-FR","@id":"https:\/\/secure.gravatar.com\/avatar\/703652b67390d47d912e0a89a95fed5cac83a943c8bfb29f6cb4c02a0343b58e?s=96&d=mm&r=g","url":"https:\/\/secure.gravatar.com\/avatar\/703652b67390d47d912e0a89a95fed5cac83a943c8bfb29f6cb4c02a0343b58e?s=96&d=mm&r=g","contentUrl":"https:\/\/secure.gravatar.com\/avatar\/703652b67390d47d912e0a89a95fed5cac83a943c8bfb29f6cb4c02a0343b58e?s=96&d=mm&r=g","caption":"Nelly GALLAND"},"sameAs":["https:\/\/www.facebook.com\/nelly.galland"],"url":"https:\/\/www.combraillesdurables.fr\/index.php\/author\/lilly\/"}]}},"_links":{"self":[{"href":"https:\/\/www.combraillesdurables.fr\/index.php\/wp-json\/wp\/v2\/posts\/3938","targetHints":{"allow":["GET"]}}],"collection":[{"href":"https:\/\/www.combraillesdurables.fr\/index.php\/wp-json\/wp\/v2\/posts"}],"about":[{"href":"https:\/\/www.combraillesdurables.fr\/index.php\/wp-json\/wp\/v2\/types\/post"}],"author":[{"embeddable":true,"href":"https:\/\/www.combraillesdurables.fr\/index.php\/wp-json\/wp\/v2\/users\/2"}],"replies":[{"embeddable":true,"href":"https:\/\/www.combraillesdurables.fr\/index.php\/wp-json\/wp\/v2\/comments?post=3938"}],"version-history":[{"count":15,"href":"https:\/\/www.combraillesdurables.fr\/index.php\/wp-json\/wp\/v2\/posts\/3938\/revisions"}],"predecessor-version":[{"id":4006,"href":"https:\/\/www.combraillesdurables.fr\/index.php\/wp-json\/wp\/v2\/posts\/3938\/revisions\/4006"}],"wp:featuredmedia":[{"embeddable":true,"href":"https:\/\/www.combraillesdurables.fr\/index.php\/wp-json\/wp\/v2\/media\/3980"}],"wp:attachment":[{"href":"https:\/\/www.combraillesdurables.fr\/index.php\/wp-json\/wp\/v2\/media?parent=3938"}],"wp:term":[{"taxonomy":"category","embeddable":true,"href":"https:\/\/www.combraillesdurables.fr\/index.php\/wp-json\/wp\/v2\/categories?post=3938"},{"taxonomy":"post_tag","embeddable":true,"href":"https:\/\/www.combraillesdurables.fr\/index.php\/wp-json\/wp\/v2\/tags?post=3938"}],"curies":[{"name":"wp","href":"https:\/\/api.w.org\/{rel}","templated":true}]}}