{"id":4123,"date":"2024-07-10T16:04:43","date_gmt":"2024-07-10T14:04:43","guid":{"rendered":"https:\/\/www.combraillesdurables.fr\/?p=4123"},"modified":"2024-07-10T16:24:59","modified_gmt":"2024-07-10T14:24:59","slug":"petit-tour-dhorizon-de-notre-production-photovoltaique","status":"publish","type":"post","link":"https:\/\/www.combraillesdurables.fr\/index.php\/2024\/07\/10\/petit-tour-dhorizon-de-notre-production-photovoltaique\/","title":{"rendered":"Petit tour d&rsquo;horizon de notre production photovolta\u00efque"},"content":{"rendered":"<p>[et_pb_section fb_built=\u00a0\u00bb1&Prime; _builder_version=\u00a0\u00bb4.26.0&Prime; _module_preset=\u00a0\u00bbdefault\u00a0\u00bb global_colors_info=\u00a0\u00bb{}\u00a0\u00bb][et_pb_row _builder_version=\u00a0\u00bb4.26.0&Prime; _module_preset=\u00a0\u00bbdefault\u00a0\u00bb global_colors_info=\u00a0\u00bb{}\u00a0\u00bb][et_pb_column type=\u00a0\u00bb4_4&Prime; _builder_version=\u00a0\u00bb4.26.0&Prime; _module_preset=\u00a0\u00bbdefault\u00a0\u00bb global_colors_info=\u00a0\u00bb{}\u00a0\u00bb][et_pb_text _builder_version=\u00a0\u00bb4.26.0&Prime; _module_preset=\u00a0\u00bbdefault\u00a0\u00bb global_colors_info=\u00a0\u00bb{}\u00a0\u00bb]<\/p>\n<p>Voici en illustration un historique de la production de nos installations photovolta\u00efques en toiture.<br \/>Sur le premier graphique, la production mensuelle en <span class=\"ILfuVd\" lang=\"fr\"><span class=\"d9FyLd\">kiloWatt-heure<\/span><\/span> depuis 2019 jusqu&rsquo;\u00e0 juin 2024. On observe pour cette ann\u00e9e une production inf\u00e9rieure malheureusement due au peu d&rsquo;ensoleillement ces derniers mois (surtout le mois de mai).<\/p>\n<p>[\/et_pb_text][et_pb_image src=\u00a0\u00bbhttps:\/\/www.combraillesdurables.fr\/wp-content\/uploads\/2024\/07\/PROD.jpg\u00a0\u00bb title_text=\u00a0\u00bbPROD\u00a0\u00bb show_in_lightbox=\u00a0\u00bbon\u00a0\u00bb _builder_version=\u00a0\u00bb4.26.0&Prime; _module_preset=\u00a0\u00bbdefault\u00a0\u00bb global_colors_info=\u00a0\u00bb{}\u00a0\u00bb][\/et_pb_image][et_pb_text _builder_version=\u00a0\u00bb4.26.0&Prime; _module_preset=\u00a0\u00bbdefault\u00a0\u00bb global_colors_info=\u00a0\u00bb{}\u00a0\u00bb]<\/p>\n<p>Sur le graphique ci-dessous, la production annuelle depuis 2012 jusqu&rsquo;\u00e0 juin 2024, coupl\u00e9e au nombre d&rsquo;installations.<br \/>Une l\u00e9g\u00e8re baisse est observ\u00e9e en 2023 \u00e0 cause d&rsquo;un orage de gr\u00eale qui a sinistr\u00e9 4 installations \u00e0 Queuille, Saint Pardoux, Saint Hilaire la Croix et Manzat. Malgr\u00e9 le peu de panneaux photovolta\u00efques endommag\u00e9s, 3 de ces installations ont \u00e9t\u00e9 mises en s\u00e9curit\u00e9, n\u00e9cessitant la coupure de nombreux panneaux mont\u00e9s en s\u00e9rie.<br \/>Actuellement, la plus endommag\u00e9e \u00e0 Saint Hilaire la Croix, a \u00e9t\u00e9 r\u00e9par\u00e9e. Vont suivre tr\u00e8s prochainement la r\u00e9paration des installations de Queuille, Saint Pardoux et Manzat.<br \/>A noter \u00e9galement la d\u00e9pose par la R\u00e9gion, en octobre 2023, de notre installation de 21 kWc sur un b\u00e2timent annexe du Lyc\u00e9e Agricole de Saint Gervais d&rsquo;Auvergne, ramenant le nombre de nos centrales PV \u00e0 22.<\/p>\n<p>[\/et_pb_text][et_pb_image src=\u00a0\u00bbhttps:\/\/www.combraillesdurables.fr\/wp-content\/uploads\/2024\/07\/PROD2.jpg\u00a0\u00bb title_text=\u00a0\u00bbPROD2&Prime; show_in_lightbox=\u00a0\u00bbon\u00a0\u00bb _builder_version=\u00a0\u00bb4.26.0&Prime; _module_preset=\u00a0\u00bbdefault\u00a0\u00bb global_colors_info=\u00a0\u00bb{}\u00a0\u00bb][\/et_pb_image][et_pb_text _builder_version=\u00a0\u00bb4.26.0&Prime; _module_preset=\u00a0\u00bbdefault\u00a0\u00bb hover_enabled=\u00a0\u00bb0&Prime; global_colors_info=\u00a0\u00bb{}\u00a0\u00bb sticky_enabled=\u00a0\u00bb0&Prime;]<\/p>\n<p>Concernant la suite des projets photovolta\u00efques en toiture, une installation de 115 kWc va voir le jour au printemps 2025 sur la toiture sud du nouveau groupe scolaire de la commune du Cendre.<br \/>Cette nouvelle centrale PV aura une production annuelle estim\u00e9e \u00e0 138 000 kWh, nous faisant passer le seuil des 750 000 Kwh\/an de production \u00e9lectrique \ud83d\ude00<br \/>A suivre&#8230; !<\/p>\n<p>[\/et_pb_text][\/et_pb_column][\/et_pb_row][et_pb_row _builder_version=\u00a0\u00bb4.26.0&Prime; _module_preset=\u00a0\u00bbdefault\u00a0\u00bb global_colors_info=\u00a0\u00bb{}\u00a0\u00bb][et_pb_column type=\u00a0\u00bb4_4&Prime; _builder_version=\u00a0\u00bb4.26.0&Prime; _module_preset=\u00a0\u00bbdefault\u00a0\u00bb global_colors_info=\u00a0\u00bb{}\u00a0\u00bb][et_pb_text _builder_version=\u00a0\u00bb4.26.0&Prime; _module_preset=\u00a0\u00bbdefault\u00a0\u00bb hover_enabled=\u00a0\u00bb0&Prime; global_colors_info=\u00a0\u00bb{}\u00a0\u00bb sticky_enabled=\u00a0\u00bb0&Prime;]<\/p>\n<h3>Bilan de nos 3 groupements d&rsquo;achat avec la Scic SOLARCOOP<\/h3>\n<p>Depuis 2022, nous nous sommes associ\u00e9s \u00e0 <a href=\"https:\/\/www.solarcoop.fr\/\" target=\"_blank\" rel=\"noopener\">Solarcoop<\/a> pour permettre \u00e0 nos soci\u00e9taires de s&rsquo;\u00e9quiper de petits kits photovolta\u00efques en autoconsommation.<br \/>Au total : 28 kits install\u00e9s (de 1 \u00e0 4 panneaux) pour une puissance totale de 29,6 kWc !<\/p>\n<p>[\/et_pb_text][\/et_pb_column][\/et_pb_row][et_pb_row column_structure=\u00a0\u00bb1_3,1_3,1_3&Prime; _builder_version=\u00a0\u00bb4.26.0&Prime; _module_preset=\u00a0\u00bbdefault\u00a0\u00bb global_colors_info=\u00a0\u00bb{}\u00a0\u00bb][et_pb_column type=\u00a0\u00bb1_3&Prime; _builder_version=\u00a0\u00bb4.26.0&Prime; _module_preset=\u00a0\u00bbdefault\u00a0\u00bb global_colors_info=\u00a0\u00bb{}\u00a0\u00bb][et_pb_image src=\u00a0\u00bbhttps:\/\/www.combraillesdurables.fr\/wp-content\/uploads\/2024\/07\/TUEUX_Andre.jpg\u00a0\u00bb title_text=\u00a0\u00bbTUEUX_Andre\u00a0\u00bb _builder_version=\u00a0\u00bb4.26.0&Prime; _module_preset=\u00a0\u00bbdefault\u00a0\u00bb global_colors_info=\u00a0\u00bb{}\u00a0\u00bb][\/et_pb_image][\/et_pb_column][et_pb_column type=\u00a0\u00bb1_3&Prime; _builder_version=\u00a0\u00bb4.26.0&Prime; _module_preset=\u00a0\u00bbdefault\u00a0\u00bb global_colors_info=\u00a0\u00bb{}\u00a0\u00bb][et_pb_image src=\u00a0\u00bbhttps:\/\/www.combraillesdurables.fr\/wp-content\/uploads\/2024\/07\/IMG_3826-scaled.jpg\u00a0\u00bb title_text=\u00a0\u00bbIMG_3826&Prime; _builder_version=\u00a0\u00bb4.26.0&Prime; _module_preset=\u00a0\u00bbdefault\u00a0\u00bb global_colors_info=\u00a0\u00bb{}\u00a0\u00bb][\/et_pb_image][\/et_pb_column][et_pb_column type=\u00a0\u00bb1_3&Prime; _builder_version=\u00a0\u00bb4.26.0&Prime; _module_preset=\u00a0\u00bbdefault\u00a0\u00bb global_colors_info=\u00a0\u00bb{}\u00a0\u00bb][et_pb_image src=\u00a0\u00bbhttps:\/\/www.combraillesdurables.fr\/wp-content\/uploads\/2024\/07\/20220715_182544.jpg\u00a0\u00bb title_text=\u00a0\u00bb20220715_182544&Prime; _builder_version=\u00a0\u00bb4.26.0&Prime; _module_preset=\u00a0\u00bbdefault\u00a0\u00bb global_colors_info=\u00a0\u00bb{}\u00a0\u00bb][\/et_pb_image][\/et_pb_column][\/et_pb_row][\/et_pb_section]<\/p>\n","protected":false},"excerpt":{"rendered":"<p>Voici en illustration un historique de la production de nos installations photovolta\u00efques en toiture.Sur le premier graphique, la production mensuelle en kiloWatt-heure depuis 2019 jusqu&rsquo;\u00e0 juin 2024. On observe pour [&hellip;]<\/p>\n","protected":false},"author":1,"featured_media":4142,"comment_status":"closed","ping_status":"open","sticky":false,"template":"","format":"standard","meta":{"_et_pb_use_builder":"on","_et_pb_old_content":"","_et_gb_content_width":"","footnotes":""},"categories":[12],"tags":[],"class_list":["post-4123","post","type-post","status-publish","format-standard","has-post-thumbnail","hentry","category-actualite"],"yoast_head":"<!-- This site is optimized with the Yoast SEO plugin v27.5 - https:\/\/yoast.com\/product\/yoast-seo-wordpress\/ -->\n<title>Petit tour d&#039;horizon de notre production photovolta\u00efque - Combrailles Durables<\/title>\n<meta name=\"robots\" content=\"index, follow, max-snippet:-1, max-image-preview:large, max-video-preview:-1\" \/>\n<link rel=\"canonical\" href=\"https:\/\/www.combraillesdurables.fr\/index.php\/2024\/07\/10\/petit-tour-dhorizon-de-notre-production-photovoltaique\/\" \/>\n<meta property=\"og:locale\" content=\"fr_FR\" \/>\n<meta property=\"og:type\" content=\"article\" \/>\n<meta property=\"og:title\" content=\"Petit tour d&#039;horizon de notre production photovolta\u00efque - Combrailles Durables\" \/>\n<meta property=\"og:description\" content=\"Voici en illustration un historique de la production de nos installations photovolta\u00efques en toiture.Sur le premier graphique, la production mensuelle en kiloWatt-heure depuis 2019 jusqu&#039;\u00e0 juin 2024. On observe pour [&hellip;]\" \/>\n<meta property=\"og:url\" content=\"https:\/\/www.combraillesdurables.fr\/index.php\/2024\/07\/10\/petit-tour-dhorizon-de-notre-production-photovoltaique\/\" \/>\n<meta property=\"og:site_name\" content=\"Combrailles Durables\" \/>\n<meta property=\"article:publisher\" content=\"https:\/\/www.facebook.com\/CombraillesDurables\/\" \/>\n<meta property=\"article:author\" content=\"https:\/\/www.facebook.com\/CombraillesDurables\" \/>\n<meta property=\"article:published_time\" content=\"2024-07-10T14:04:43+00:00\" \/>\n<meta property=\"article:modified_time\" content=\"2024-07-10T14:24:59+00:00\" \/>\n<meta property=\"og:image\" content=\"https:\/\/www.combraillesdurables.fr\/wp-content\/uploads\/2024\/07\/Loubeyrat_Ecole_2-scaled.jpg\" \/>\n\t<meta property=\"og:image:width\" content=\"2880\" \/>\n\t<meta property=\"og:image:height\" content=\"1797\" \/>\n\t<meta property=\"og:image:type\" content=\"image\/jpeg\" \/>\n<meta name=\"author\" content=\"admin7306\" \/>\n<meta name=\"twitter:card\" content=\"summary_large_image\" \/>\n<meta name=\"twitter:creator\" content=\"@CombraillesD\" \/>\n<meta name=\"twitter:site\" content=\"@CombraillesD\" \/>\n<meta name=\"twitter:label1\" content=\"\u00c9crit par\" \/>\n\t<meta name=\"twitter:data1\" content=\"admin7306\" \/>\n\t<meta name=\"twitter:label2\" content=\"Dur\u00e9e de lecture estim\u00e9e\" \/>\n\t<meta name=\"twitter:data2\" content=\"3 minutes\" \/>\n<script type=\"application\/ld+json\" class=\"yoast-schema-graph\">{\"@context\":\"https:\\\/\\\/schema.org\",\"@graph\":[{\"@type\":\"Article\",\"@id\":\"https:\\\/\\\/www.combraillesdurables.fr\\\/index.php\\\/2024\\\/07\\\/10\\\/petit-tour-dhorizon-de-notre-production-photovoltaique\\\/#article\",\"isPartOf\":{\"@id\":\"https:\\\/\\\/www.combraillesdurables.fr\\\/index.php\\\/2024\\\/07\\\/10\\\/petit-tour-dhorizon-de-notre-production-photovoltaique\\\/\"},\"author\":{\"name\":\"admin7306\",\"@id\":\"https:\\\/\\\/www.combraillesdurables.fr\\\/#\\\/schema\\\/person\\\/65dba28a384055af13030a9dcf3f0a9d\"},\"headline\":\"Petit tour d&rsquo;horizon de notre production photovolta\u00efque\",\"datePublished\":\"2024-07-10T14:04:43+00:00\",\"dateModified\":\"2024-07-10T14:24:59+00:00\",\"mainEntityOfPage\":{\"@id\":\"https:\\\/\\\/www.combraillesdurables.fr\\\/index.php\\\/2024\\\/07\\\/10\\\/petit-tour-dhorizon-de-notre-production-photovoltaique\\\/\"},\"wordCount\":642,\"publisher\":{\"@id\":\"https:\\\/\\\/www.combraillesdurables.fr\\\/#organization\"},\"image\":{\"@id\":\"https:\\\/\\\/www.combraillesdurables.fr\\\/index.php\\\/2024\\\/07\\\/10\\\/petit-tour-dhorizon-de-notre-production-photovoltaique\\\/#primaryimage\"},\"thumbnailUrl\":\"https:\\\/\\\/www.combraillesdurables.fr\\\/wp-content\\\/uploads\\\/2024\\\/07\\\/Loubeyrat_Ecole_2-scaled.jpg\",\"articleSection\":[\"actualit\u00e9\"],\"inLanguage\":\"fr-FR\"},{\"@type\":\"WebPage\",\"@id\":\"https:\\\/\\\/www.combraillesdurables.fr\\\/index.php\\\/2024\\\/07\\\/10\\\/petit-tour-dhorizon-de-notre-production-photovoltaique\\\/\",\"url\":\"https:\\\/\\\/www.combraillesdurables.fr\\\/index.php\\\/2024\\\/07\\\/10\\\/petit-tour-dhorizon-de-notre-production-photovoltaique\\\/\",\"name\":\"Petit tour d'horizon de notre production photovolta\u00efque - Combrailles Durables\",\"isPartOf\":{\"@id\":\"https:\\\/\\\/www.combraillesdurables.fr\\\/#website\"},\"primaryImageOfPage\":{\"@id\":\"https:\\\/\\\/www.combraillesdurables.fr\\\/index.php\\\/2024\\\/07\\\/10\\\/petit-tour-dhorizon-de-notre-production-photovoltaique\\\/#primaryimage\"},\"image\":{\"@id\":\"https:\\\/\\\/www.combraillesdurables.fr\\\/index.php\\\/2024\\\/07\\\/10\\\/petit-tour-dhorizon-de-notre-production-photovoltaique\\\/#primaryimage\"},\"thumbnailUrl\":\"https:\\\/\\\/www.combraillesdurables.fr\\\/wp-content\\\/uploads\\\/2024\\\/07\\\/Loubeyrat_Ecole_2-scaled.jpg\",\"datePublished\":\"2024-07-10T14:04:43+00:00\",\"dateModified\":\"2024-07-10T14:24:59+00:00\",\"breadcrumb\":{\"@id\":\"https:\\\/\\\/www.combraillesdurables.fr\\\/index.php\\\/2024\\\/07\\\/10\\\/petit-tour-dhorizon-de-notre-production-photovoltaique\\\/#breadcrumb\"},\"inLanguage\":\"fr-FR\",\"potentialAction\":[{\"@type\":\"ReadAction\",\"target\":[\"https:\\\/\\\/www.combraillesdurables.fr\\\/index.php\\\/2024\\\/07\\\/10\\\/petit-tour-dhorizon-de-notre-production-photovoltaique\\\/\"]}]},{\"@type\":\"ImageObject\",\"inLanguage\":\"fr-FR\",\"@id\":\"https:\\\/\\\/www.combraillesdurables.fr\\\/index.php\\\/2024\\\/07\\\/10\\\/petit-tour-dhorizon-de-notre-production-photovoltaique\\\/#primaryimage\",\"url\":\"https:\\\/\\\/www.combraillesdurables.fr\\\/wp-content\\\/uploads\\\/2024\\\/07\\\/Loubeyrat_Ecole_2-scaled.jpg\",\"contentUrl\":\"https:\\\/\\\/www.combraillesdurables.fr\\\/wp-content\\\/uploads\\\/2024\\\/07\\\/Loubeyrat_Ecole_2-scaled.jpg\",\"width\":2880,\"height\":1797},{\"@type\":\"BreadcrumbList\",\"@id\":\"https:\\\/\\\/www.combraillesdurables.fr\\\/index.php\\\/2024\\\/07\\\/10\\\/petit-tour-dhorizon-de-notre-production-photovoltaique\\\/#breadcrumb\",\"itemListElement\":[{\"@type\":\"ListItem\",\"position\":1,\"name\":\"Accueil\",\"item\":\"https:\\\/\\\/www.combraillesdurables.fr\\\/\"},{\"@type\":\"ListItem\",\"position\":2,\"name\":\"Petit tour d&rsquo;horizon de notre production photovolta\u00efque\"}]},{\"@type\":\"WebSite\",\"@id\":\"https:\\\/\\\/www.combraillesdurables.fr\\\/#website\",\"url\":\"https:\\\/\\\/www.combraillesdurables.fr\\\/\",\"name\":\"Combrailles Durables\",\"description\":\"L&#039;appropriation citoyenne de l&#039;\u00e9nergie\",\"publisher\":{\"@id\":\"https:\\\/\\\/www.combraillesdurables.fr\\\/#organization\"},\"potentialAction\":[{\"@type\":\"SearchAction\",\"target\":{\"@type\":\"EntryPoint\",\"urlTemplate\":\"https:\\\/\\\/www.combraillesdurables.fr\\\/?s={search_term_string}\"},\"query-input\":{\"@type\":\"PropertyValueSpecification\",\"valueRequired\":true,\"valueName\":\"search_term_string\"}}],\"inLanguage\":\"fr-FR\"},{\"@type\":\"Organization\",\"@id\":\"https:\\\/\\\/www.combraillesdurables.fr\\\/#organization\",\"name\":\"Combrailles Durables\",\"url\":\"https:\\\/\\\/www.combraillesdurables.fr\\\/\",\"logo\":{\"@type\":\"ImageObject\",\"inLanguage\":\"fr-FR\",\"@id\":\"https:\\\/\\\/www.combraillesdurables.fr\\\/#\\\/schema\\\/logo\\\/image\\\/\",\"url\":\"http:\\\/\\\/www.combraillesdurables.fr\\\/wp-content\\\/uploads\\\/2017\\\/07\\\/Logo_cd_sans_titre.jpg\",\"contentUrl\":\"http:\\\/\\\/www.combraillesdurables.fr\\\/wp-content\\\/uploads\\\/2017\\\/07\\\/Logo_cd_sans_titre.jpg\",\"width\":1032,\"height\":1434,\"caption\":\"Combrailles Durables\"},\"image\":{\"@id\":\"https:\\\/\\\/www.combraillesdurables.fr\\\/#\\\/schema\\\/logo\\\/image\\\/\"},\"sameAs\":[\"https:\\\/\\\/www.facebook.com\\\/CombraillesDurables\\\/\",\"https:\\\/\\\/x.com\\\/CombraillesD\",\"https:\\\/\\\/www.linkedin.com\\\/company\\\/coop\u00e9rative-citoyenne-combrailles-durables\\\/\",\"https:\\\/\\\/www.youtube.com\\\/watch?v=YWw-GFuIsps&amp;amp;amp;amp;amp;list=PLonBK8rvh98W_VSh2nlgNYeloVzJkG61u\"]},{\"@type\":\"Person\",\"@id\":\"https:\\\/\\\/www.combraillesdurables.fr\\\/#\\\/schema\\\/person\\\/65dba28a384055af13030a9dcf3f0a9d\",\"name\":\"admin7306\",\"image\":{\"@type\":\"ImageObject\",\"inLanguage\":\"fr-FR\",\"@id\":\"https:\\\/\\\/secure.gravatar.com\\\/avatar\\\/c8fcd151d02104299bbbdd2c75457ceece6e4574341251a78d0545cdcf75c29a?s=96&d=mm&r=g\",\"url\":\"https:\\\/\\\/secure.gravatar.com\\\/avatar\\\/c8fcd151d02104299bbbdd2c75457ceece6e4574341251a78d0545cdcf75c29a?s=96&d=mm&r=g\",\"contentUrl\":\"https:\\\/\\\/secure.gravatar.com\\\/avatar\\\/c8fcd151d02104299bbbdd2c75457ceece6e4574341251a78d0545cdcf75c29a?s=96&d=mm&r=g\",\"caption\":\"admin7306\"},\"sameAs\":[\"https:\\\/\\\/www.facebook.com\\\/CombraillesDurables\",\"https:\\\/\\\/x.com\\\/CombraillesD\"],\"url\":\"https:\\\/\\\/www.combraillesdurables.fr\\\/index.php\\\/author\\\/admin7306\\\/\"}]}<\/script>\n<!-- \/ Yoast SEO plugin. -->","yoast_head_json":{"title":"Petit tour d'horizon de notre production photovolta\u00efque - Combrailles Durables","robots":{"index":"index","follow":"follow","max-snippet":"max-snippet:-1","max-image-preview":"max-image-preview:large","max-video-preview":"max-video-preview:-1"},"canonical":"https:\/\/www.combraillesdurables.fr\/index.php\/2024\/07\/10\/petit-tour-dhorizon-de-notre-production-photovoltaique\/","og_locale":"fr_FR","og_type":"article","og_title":"Petit tour d'horizon de notre production photovolta\u00efque - Combrailles Durables","og_description":"Voici en illustration un historique de la production de nos installations photovolta\u00efques en toiture.Sur le premier graphique, la production mensuelle en kiloWatt-heure depuis 2019 jusqu'\u00e0 juin 2024. On observe pour [&hellip;]","og_url":"https:\/\/www.combraillesdurables.fr\/index.php\/2024\/07\/10\/petit-tour-dhorizon-de-notre-production-photovoltaique\/","og_site_name":"Combrailles Durables","article_publisher":"https:\/\/www.facebook.com\/CombraillesDurables\/","article_author":"https:\/\/www.facebook.com\/CombraillesDurables","article_published_time":"2024-07-10T14:04:43+00:00","article_modified_time":"2024-07-10T14:24:59+00:00","og_image":[{"width":2880,"height":1797,"url":"https:\/\/www.combraillesdurables.fr\/wp-content\/uploads\/2024\/07\/Loubeyrat_Ecole_2-scaled.jpg","type":"image\/jpeg"}],"author":"admin7306","twitter_card":"summary_large_image","twitter_creator":"@CombraillesD","twitter_site":"@CombraillesD","twitter_misc":{"\u00c9crit par":"admin7306","Dur\u00e9e de lecture estim\u00e9e":"3 minutes"},"schema":{"@context":"https:\/\/schema.org","@graph":[{"@type":"Article","@id":"https:\/\/www.combraillesdurables.fr\/index.php\/2024\/07\/10\/petit-tour-dhorizon-de-notre-production-photovoltaique\/#article","isPartOf":{"@id":"https:\/\/www.combraillesdurables.fr\/index.php\/2024\/07\/10\/petit-tour-dhorizon-de-notre-production-photovoltaique\/"},"author":{"name":"admin7306","@id":"https:\/\/www.combraillesdurables.fr\/#\/schema\/person\/65dba28a384055af13030a9dcf3f0a9d"},"headline":"Petit tour d&rsquo;horizon de notre production photovolta\u00efque","datePublished":"2024-07-10T14:04:43+00:00","dateModified":"2024-07-10T14:24:59+00:00","mainEntityOfPage":{"@id":"https:\/\/www.combraillesdurables.fr\/index.php\/2024\/07\/10\/petit-tour-dhorizon-de-notre-production-photovoltaique\/"},"wordCount":642,"publisher":{"@id":"https:\/\/www.combraillesdurables.fr\/#organization"},"image":{"@id":"https:\/\/www.combraillesdurables.fr\/index.php\/2024\/07\/10\/petit-tour-dhorizon-de-notre-production-photovoltaique\/#primaryimage"},"thumbnailUrl":"https:\/\/www.combraillesdurables.fr\/wp-content\/uploads\/2024\/07\/Loubeyrat_Ecole_2-scaled.jpg","articleSection":["actualit\u00e9"],"inLanguage":"fr-FR"},{"@type":"WebPage","@id":"https:\/\/www.combraillesdurables.fr\/index.php\/2024\/07\/10\/petit-tour-dhorizon-de-notre-production-photovoltaique\/","url":"https:\/\/www.combraillesdurables.fr\/index.php\/2024\/07\/10\/petit-tour-dhorizon-de-notre-production-photovoltaique\/","name":"Petit tour d'horizon de notre production photovolta\u00efque - Combrailles Durables","isPartOf":{"@id":"https:\/\/www.combraillesdurables.fr\/#website"},"primaryImageOfPage":{"@id":"https:\/\/www.combraillesdurables.fr\/index.php\/2024\/07\/10\/petit-tour-dhorizon-de-notre-production-photovoltaique\/#primaryimage"},"image":{"@id":"https:\/\/www.combraillesdurables.fr\/index.php\/2024\/07\/10\/petit-tour-dhorizon-de-notre-production-photovoltaique\/#primaryimage"},"thumbnailUrl":"https:\/\/www.combraillesdurables.fr\/wp-content\/uploads\/2024\/07\/Loubeyrat_Ecole_2-scaled.jpg","datePublished":"2024-07-10T14:04:43+00:00","dateModified":"2024-07-10T14:24:59+00:00","breadcrumb":{"@id":"https:\/\/www.combraillesdurables.fr\/index.php\/2024\/07\/10\/petit-tour-dhorizon-de-notre-production-photovoltaique\/#breadcrumb"},"inLanguage":"fr-FR","potentialAction":[{"@type":"ReadAction","target":["https:\/\/www.combraillesdurables.fr\/index.php\/2024\/07\/10\/petit-tour-dhorizon-de-notre-production-photovoltaique\/"]}]},{"@type":"ImageObject","inLanguage":"fr-FR","@id":"https:\/\/www.combraillesdurables.fr\/index.php\/2024\/07\/10\/petit-tour-dhorizon-de-notre-production-photovoltaique\/#primaryimage","url":"https:\/\/www.combraillesdurables.fr\/wp-content\/uploads\/2024\/07\/Loubeyrat_Ecole_2-scaled.jpg","contentUrl":"https:\/\/www.combraillesdurables.fr\/wp-content\/uploads\/2024\/07\/Loubeyrat_Ecole_2-scaled.jpg","width":2880,"height":1797},{"@type":"BreadcrumbList","@id":"https:\/\/www.combraillesdurables.fr\/index.php\/2024\/07\/10\/petit-tour-dhorizon-de-notre-production-photovoltaique\/#breadcrumb","itemListElement":[{"@type":"ListItem","position":1,"name":"Accueil","item":"https:\/\/www.combraillesdurables.fr\/"},{"@type":"ListItem","position":2,"name":"Petit tour d&rsquo;horizon de notre production photovolta\u00efque"}]},{"@type":"WebSite","@id":"https:\/\/www.combraillesdurables.fr\/#website","url":"https:\/\/www.combraillesdurables.fr\/","name":"Combrailles Durables","description":"L&#039;appropriation citoyenne de l&#039;\u00e9nergie","publisher":{"@id":"https:\/\/www.combraillesdurables.fr\/#organization"},"potentialAction":[{"@type":"SearchAction","target":{"@type":"EntryPoint","urlTemplate":"https:\/\/www.combraillesdurables.fr\/?s={search_term_string}"},"query-input":{"@type":"PropertyValueSpecification","valueRequired":true,"valueName":"search_term_string"}}],"inLanguage":"fr-FR"},{"@type":"Organization","@id":"https:\/\/www.combraillesdurables.fr\/#organization","name":"Combrailles Durables","url":"https:\/\/www.combraillesdurables.fr\/","logo":{"@type":"ImageObject","inLanguage":"fr-FR","@id":"https:\/\/www.combraillesdurables.fr\/#\/schema\/logo\/image\/","url":"http:\/\/www.combraillesdurables.fr\/wp-content\/uploads\/2017\/07\/Logo_cd_sans_titre.jpg","contentUrl":"http:\/\/www.combraillesdurables.fr\/wp-content\/uploads\/2017\/07\/Logo_cd_sans_titre.jpg","width":1032,"height":1434,"caption":"Combrailles Durables"},"image":{"@id":"https:\/\/www.combraillesdurables.fr\/#\/schema\/logo\/image\/"},"sameAs":["https:\/\/www.facebook.com\/CombraillesDurables\/","https:\/\/x.com\/CombraillesD","https:\/\/www.linkedin.com\/company\/coop\u00e9rative-citoyenne-combrailles-durables\/","https:\/\/www.youtube.com\/watch?v=YWw-GFuIsps&amp;amp;amp;amp;amp;list=PLonBK8rvh98W_VSh2nlgNYeloVzJkG61u"]},{"@type":"Person","@id":"https:\/\/www.combraillesdurables.fr\/#\/schema\/person\/65dba28a384055af13030a9dcf3f0a9d","name":"admin7306","image":{"@type":"ImageObject","inLanguage":"fr-FR","@id":"https:\/\/secure.gravatar.com\/avatar\/c8fcd151d02104299bbbdd2c75457ceece6e4574341251a78d0545cdcf75c29a?s=96&d=mm&r=g","url":"https:\/\/secure.gravatar.com\/avatar\/c8fcd151d02104299bbbdd2c75457ceece6e4574341251a78d0545cdcf75c29a?s=96&d=mm&r=g","contentUrl":"https:\/\/secure.gravatar.com\/avatar\/c8fcd151d02104299bbbdd2c75457ceece6e4574341251a78d0545cdcf75c29a?s=96&d=mm&r=g","caption":"admin7306"},"sameAs":["https:\/\/www.facebook.com\/CombraillesDurables","https:\/\/x.com\/CombraillesD"],"url":"https:\/\/www.combraillesdurables.fr\/index.php\/author\/admin7306\/"}]}},"_links":{"self":[{"href":"https:\/\/www.combraillesdurables.fr\/index.php\/wp-json\/wp\/v2\/posts\/4123","targetHints":{"allow":["GET"]}}],"collection":[{"href":"https:\/\/www.combraillesdurables.fr\/index.php\/wp-json\/wp\/v2\/posts"}],"about":[{"href":"https:\/\/www.combraillesdurables.fr\/index.php\/wp-json\/wp\/v2\/types\/post"}],"author":[{"embeddable":true,"href":"https:\/\/www.combraillesdurables.fr\/index.php\/wp-json\/wp\/v2\/users\/1"}],"replies":[{"embeddable":true,"href":"https:\/\/www.combraillesdurables.fr\/index.php\/wp-json\/wp\/v2\/comments?post=4123"}],"version-history":[{"count":15,"href":"https:\/\/www.combraillesdurables.fr\/index.php\/wp-json\/wp\/v2\/posts\/4123\/revisions"}],"predecessor-version":[{"id":4148,"href":"https:\/\/www.combraillesdurables.fr\/index.php\/wp-json\/wp\/v2\/posts\/4123\/revisions\/4148"}],"wp:featuredmedia":[{"embeddable":true,"href":"https:\/\/www.combraillesdurables.fr\/index.php\/wp-json\/wp\/v2\/media\/4142"}],"wp:attachment":[{"href":"https:\/\/www.combraillesdurables.fr\/index.php\/wp-json\/wp\/v2\/media?parent=4123"}],"wp:term":[{"taxonomy":"category","embeddable":true,"href":"https:\/\/www.combraillesdurables.fr\/index.php\/wp-json\/wp\/v2\/categories?post=4123"},{"taxonomy":"post_tag","embeddable":true,"href":"https:\/\/www.combraillesdurables.fr\/index.php\/wp-json\/wp\/v2\/tags?post=4123"}],"curies":[{"name":"wp","href":"https:\/\/api.w.org\/{rel}","templated":true}]}}