{"id":4236,"date":"2025-02-25T17:04:03","date_gmt":"2025-02-25T16:04:03","guid":{"rendered":"https:\/\/www.combraillesdurables.fr\/?p=4236"},"modified":"2025-02-25T17:04:03","modified_gmt":"2025-02-25T16:04:03","slug":"reunion-publique-du-petit-parc-solaire-a-aubiat","status":"publish","type":"post","link":"https:\/\/www.combraillesdurables.fr\/index.php\/2025\/02\/25\/reunion-publique-du-petit-parc-solaire-a-aubiat\/","title":{"rendered":"R\u00e9union publique du petit parc solaire \u00e0 Aubiat"},"content":{"rendered":"<p><span class=\"break-words\n          tvm-parent-container\"><span dir=\"ltr\">\ud83d\udce2 [ R\u00c9UNION PUBLIQUE ] de nos parcs solaires citoyens d\u00e9velopp\u00e9s avec <a class=\"kfnautMCmvJrqlmCslVWlQXzVKshRxZZGSERU \" href=\"https:\/\/www.enercoop.fr\/nos-cooperatives\/auvergne-rhone-alpes\" target=\"_blank\" rel=\"noopener\" data-test-app-aware-link=\"\">Enercoop Auvergne-Rhone-Alpes<\/a> \u2600<\/p>\n<p>Suite des projets de petits parcs solaires sur sites d\u00e9grad\u00e9s \ud83d\ude00<\/p>\n<p>\ud83d\udcc5 A VOS AGENDAS ! \ud83d\udcc5<\/p>\n<p>Nous avons le plaisir de vous convier \u00e0 la r\u00e9union publique pour le projet d\u00e9velopp\u00e9 \u00e0 AUBIAT :<\/p>\n<p>\ud83d\udc49 <strong>Mercredi 19 mars 18h30, Salle du Conseil, Mairie d&rsquo;Aubiat<\/strong><\/p>\n<p>\ud83d\udca1 Nous vous pr\u00e9senterons ce petit projet de parc photovolta\u00efque au sol citoyen de 530 kWc sur une ancienne d\u00e9charge.<\/p>\n<p>\ud83d\udcaa Issue de la volont\u00e9 des commune d&rsquo;Aubiat de valoriser un foncier d\u00e9grad\u00e9, ce projet devrait voir le jour d\u00e9but 2026.<\/p>\n<p>\u2728 Ce projet d\u00e9velopp\u00e9 par les deux coop\u00e9ratives citoyennes Combrailles Durables et Enercoop AuRA, fait partie de la deuxi\u00e8me grappe de 3 projets de petits parcs solaires en cours de d\u00e9veloppement sur le d\u00e9partement du Puy-de-D\u00f4me. Cette seconde grappe sera mise en service d\u00e9but 2026.<\/p>\n<p>\ud83d\udd8a Retrouvez toutes les infos ici : <a href=\"https:\/\/www.enercoop.fr\/nos-cooperatives\/enercoop-aura-parc-solaire-aubiat-puy-de-dome\" target=\"_blank\" rel=\"noopener\">https:\/\/www.enercoop.fr\/nos-cooperatives\/enercoop-aura-parc-solaire-aubiat-puy-de-dome<\/a><\/p>\n<p>Venez poser toutes vos questions ! \ud83d\ude03<\/span><\/span><\/p>\n<p><img loading=\"lazy\" decoding=\"async\" class=\"alignnone size-full wp-image-4240\" src=\"https:\/\/www.combraillesdurables.fr\/wp-content\/uploads\/2025\/02\/Capture-decran-Affiche.jpg\" alt=\"\" width=\"659\" height=\"937\" srcset=\"https:\/\/www.combraillesdurables.fr\/wp-content\/uploads\/2025\/02\/Capture-decran-Affiche.jpg 659w, https:\/\/www.combraillesdurables.fr\/wp-content\/uploads\/2025\/02\/Capture-decran-Affiche-480x682.jpg 480w\" sizes=\"(min-width: 0px) and (max-width: 480px) 480px, (min-width: 481px) 659px, 100vw\" \/><\/p>\n","protected":false},"excerpt":{"rendered":"<p>\ud83d\udce2 [ R\u00c9UNION PUBLIQUE ] de nos parcs solaires citoyens d\u00e9velopp\u00e9s avec Enercoop Auvergne-Rhone-Alpes \u2600 Suite des projets de petits parcs solaires sur sites d\u00e9grad\u00e9s \ud83d\ude00 \ud83d\udcc5 A VOS AGENDAS [&hellip;]<\/p>\n","protected":false},"author":1,"featured_media":4237,"comment_status":"closed","ping_status":"open","sticky":false,"template":"","format":"standard","meta":{"_et_pb_use_builder":"","_et_pb_old_content":"","_et_gb_content_width":"","footnotes":""},"categories":[12],"tags":[],"class_list":["post-4236","post","type-post","status-publish","format-standard","has-post-thumbnail","hentry","category-actualite"],"yoast_head":"<!-- This site is optimized with the Yoast SEO plugin v27.5 - https:\/\/yoast.com\/product\/yoast-seo-wordpress\/ -->\n<title>R\u00e9union publique du petit parc solaire \u00e0 Aubiat - Combrailles Durables<\/title>\n<meta name=\"robots\" content=\"index, follow, max-snippet:-1, max-image-preview:large, max-video-preview:-1\" \/>\n<link rel=\"canonical\" href=\"https:\/\/www.combraillesdurables.fr\/index.php\/2025\/02\/25\/reunion-publique-du-petit-parc-solaire-a-aubiat\/\" \/>\n<meta property=\"og:locale\" content=\"fr_FR\" \/>\n<meta property=\"og:type\" content=\"article\" \/>\n<meta property=\"og:title\" content=\"R\u00e9union publique du petit parc solaire \u00e0 Aubiat - Combrailles Durables\" \/>\n<meta property=\"og:description\" content=\"\ud83d\udce2 [ R\u00c9UNION PUBLIQUE ] de nos parcs solaires citoyens d\u00e9velopp\u00e9s avec Enercoop Auvergne-Rhone-Alpes \u2600 Suite des projets de petits parcs solaires sur sites d\u00e9grad\u00e9s \ud83d\ude00 \ud83d\udcc5 A VOS AGENDAS [&hellip;]\" \/>\n<meta property=\"og:url\" content=\"https:\/\/www.combraillesdurables.fr\/index.php\/2025\/02\/25\/reunion-publique-du-petit-parc-solaire-a-aubiat\/\" \/>\n<meta property=\"og:site_name\" content=\"Combrailles Durables\" \/>\n<meta property=\"article:publisher\" content=\"https:\/\/www.facebook.com\/CombraillesDurables\/\" \/>\n<meta property=\"article:author\" content=\"https:\/\/www.facebook.com\/CombraillesDurables\" \/>\n<meta property=\"article:published_time\" content=\"2025-02-25T16:04:03+00:00\" \/>\n<meta property=\"og:image\" content=\"https:\/\/www.combraillesdurables.fr\/wp-content\/uploads\/2025\/02\/Bandeau.jpg\" \/>\n\t<meta property=\"og:image:width\" content=\"1314\" \/>\n\t<meta property=\"og:image:height\" content=\"502\" \/>\n\t<meta property=\"og:image:type\" content=\"image\/jpeg\" \/>\n<meta name=\"author\" content=\"admin7306\" \/>\n<meta name=\"twitter:card\" content=\"summary_large_image\" \/>\n<meta name=\"twitter:creator\" content=\"@CombraillesD\" \/>\n<meta name=\"twitter:site\" content=\"@CombraillesD\" \/>\n<meta name=\"twitter:label1\" content=\"\u00c9crit par\" \/>\n\t<meta name=\"twitter:data1\" content=\"admin7306\" \/>\n\t<meta name=\"twitter:label2\" content=\"Dur\u00e9e de lecture estim\u00e9e\" \/>\n\t<meta name=\"twitter:data2\" content=\"2 minutes\" \/>\n<script type=\"application\/ld+json\" class=\"yoast-schema-graph\">{\"@context\":\"https:\\\/\\\/schema.org\",\"@graph\":[{\"@type\":\"Article\",\"@id\":\"https:\\\/\\\/www.combraillesdurables.fr\\\/index.php\\\/2025\\\/02\\\/25\\\/reunion-publique-du-petit-parc-solaire-a-aubiat\\\/#article\",\"isPartOf\":{\"@id\":\"https:\\\/\\\/www.combraillesdurables.fr\\\/index.php\\\/2025\\\/02\\\/25\\\/reunion-publique-du-petit-parc-solaire-a-aubiat\\\/\"},\"author\":{\"name\":\"admin7306\",\"@id\":\"https:\\\/\\\/www.combraillesdurables.fr\\\/#\\\/schema\\\/person\\\/65dba28a384055af13030a9dcf3f0a9d\"},\"headline\":\"R\u00e9union publique du petit parc solaire \u00e0 Aubiat\",\"datePublished\":\"2025-02-25T16:04:03+00:00\",\"mainEntityOfPage\":{\"@id\":\"https:\\\/\\\/www.combraillesdurables.fr\\\/index.php\\\/2025\\\/02\\\/25\\\/reunion-publique-du-petit-parc-solaire-a-aubiat\\\/\"},\"wordCount\":171,\"publisher\":{\"@id\":\"https:\\\/\\\/www.combraillesdurables.fr\\\/#organization\"},\"image\":{\"@id\":\"https:\\\/\\\/www.combraillesdurables.fr\\\/index.php\\\/2025\\\/02\\\/25\\\/reunion-publique-du-petit-parc-solaire-a-aubiat\\\/#primaryimage\"},\"thumbnailUrl\":\"https:\\\/\\\/www.combraillesdurables.fr\\\/wp-content\\\/uploads\\\/2025\\\/02\\\/Bandeau.jpg\",\"articleSection\":[\"actualit\u00e9\"],\"inLanguage\":\"fr-FR\"},{\"@type\":\"WebPage\",\"@id\":\"https:\\\/\\\/www.combraillesdurables.fr\\\/index.php\\\/2025\\\/02\\\/25\\\/reunion-publique-du-petit-parc-solaire-a-aubiat\\\/\",\"url\":\"https:\\\/\\\/www.combraillesdurables.fr\\\/index.php\\\/2025\\\/02\\\/25\\\/reunion-publique-du-petit-parc-solaire-a-aubiat\\\/\",\"name\":\"R\u00e9union publique du petit parc solaire \u00e0 Aubiat - Combrailles Durables\",\"isPartOf\":{\"@id\":\"https:\\\/\\\/www.combraillesdurables.fr\\\/#website\"},\"primaryImageOfPage\":{\"@id\":\"https:\\\/\\\/www.combraillesdurables.fr\\\/index.php\\\/2025\\\/02\\\/25\\\/reunion-publique-du-petit-parc-solaire-a-aubiat\\\/#primaryimage\"},\"image\":{\"@id\":\"https:\\\/\\\/www.combraillesdurables.fr\\\/index.php\\\/2025\\\/02\\\/25\\\/reunion-publique-du-petit-parc-solaire-a-aubiat\\\/#primaryimage\"},\"thumbnailUrl\":\"https:\\\/\\\/www.combraillesdurables.fr\\\/wp-content\\\/uploads\\\/2025\\\/02\\\/Bandeau.jpg\",\"datePublished\":\"2025-02-25T16:04:03+00:00\",\"breadcrumb\":{\"@id\":\"https:\\\/\\\/www.combraillesdurables.fr\\\/index.php\\\/2025\\\/02\\\/25\\\/reunion-publique-du-petit-parc-solaire-a-aubiat\\\/#breadcrumb\"},\"inLanguage\":\"fr-FR\",\"potentialAction\":[{\"@type\":\"ReadAction\",\"target\":[\"https:\\\/\\\/www.combraillesdurables.fr\\\/index.php\\\/2025\\\/02\\\/25\\\/reunion-publique-du-petit-parc-solaire-a-aubiat\\\/\"]}]},{\"@type\":\"ImageObject\",\"inLanguage\":\"fr-FR\",\"@id\":\"https:\\\/\\\/www.combraillesdurables.fr\\\/index.php\\\/2025\\\/02\\\/25\\\/reunion-publique-du-petit-parc-solaire-a-aubiat\\\/#primaryimage\",\"url\":\"https:\\\/\\\/www.combraillesdurables.fr\\\/wp-content\\\/uploads\\\/2025\\\/02\\\/Bandeau.jpg\",\"contentUrl\":\"https:\\\/\\\/www.combraillesdurables.fr\\\/wp-content\\\/uploads\\\/2025\\\/02\\\/Bandeau.jpg\",\"width\":1314,\"height\":502},{\"@type\":\"BreadcrumbList\",\"@id\":\"https:\\\/\\\/www.combraillesdurables.fr\\\/index.php\\\/2025\\\/02\\\/25\\\/reunion-publique-du-petit-parc-solaire-a-aubiat\\\/#breadcrumb\",\"itemListElement\":[{\"@type\":\"ListItem\",\"position\":1,\"name\":\"Accueil\",\"item\":\"https:\\\/\\\/www.combraillesdurables.fr\\\/\"},{\"@type\":\"ListItem\",\"position\":2,\"name\":\"R\u00e9union publique du petit parc solaire \u00e0 Aubiat\"}]},{\"@type\":\"WebSite\",\"@id\":\"https:\\\/\\\/www.combraillesdurables.fr\\\/#website\",\"url\":\"https:\\\/\\\/www.combraillesdurables.fr\\\/\",\"name\":\"Combrailles Durables\",\"description\":\"L&#039;appropriation citoyenne de l&#039;\u00e9nergie\",\"publisher\":{\"@id\":\"https:\\\/\\\/www.combraillesdurables.fr\\\/#organization\"},\"potentialAction\":[{\"@type\":\"SearchAction\",\"target\":{\"@type\":\"EntryPoint\",\"urlTemplate\":\"https:\\\/\\\/www.combraillesdurables.fr\\\/?s={search_term_string}\"},\"query-input\":{\"@type\":\"PropertyValueSpecification\",\"valueRequired\":true,\"valueName\":\"search_term_string\"}}],\"inLanguage\":\"fr-FR\"},{\"@type\":\"Organization\",\"@id\":\"https:\\\/\\\/www.combraillesdurables.fr\\\/#organization\",\"name\":\"Combrailles Durables\",\"url\":\"https:\\\/\\\/www.combraillesdurables.fr\\\/\",\"logo\":{\"@type\":\"ImageObject\",\"inLanguage\":\"fr-FR\",\"@id\":\"https:\\\/\\\/www.combraillesdurables.fr\\\/#\\\/schema\\\/logo\\\/image\\\/\",\"url\":\"http:\\\/\\\/www.combraillesdurables.fr\\\/wp-content\\\/uploads\\\/2017\\\/07\\\/Logo_cd_sans_titre.jpg\",\"contentUrl\":\"http:\\\/\\\/www.combraillesdurables.fr\\\/wp-content\\\/uploads\\\/2017\\\/07\\\/Logo_cd_sans_titre.jpg\",\"width\":1032,\"height\":1434,\"caption\":\"Combrailles Durables\"},\"image\":{\"@id\":\"https:\\\/\\\/www.combraillesdurables.fr\\\/#\\\/schema\\\/logo\\\/image\\\/\"},\"sameAs\":[\"https:\\\/\\\/www.facebook.com\\\/CombraillesDurables\\\/\",\"https:\\\/\\\/x.com\\\/CombraillesD\",\"https:\\\/\\\/www.linkedin.com\\\/company\\\/coop\u00e9rative-citoyenne-combrailles-durables\\\/\",\"https:\\\/\\\/www.youtube.com\\\/watch?v=YWw-GFuIsps&amp;amp;amp;amp;amp;list=PLonBK8rvh98W_VSh2nlgNYeloVzJkG61u\"]},{\"@type\":\"Person\",\"@id\":\"https:\\\/\\\/www.combraillesdurables.fr\\\/#\\\/schema\\\/person\\\/65dba28a384055af13030a9dcf3f0a9d\",\"name\":\"admin7306\",\"image\":{\"@type\":\"ImageObject\",\"inLanguage\":\"fr-FR\",\"@id\":\"https:\\\/\\\/secure.gravatar.com\\\/avatar\\\/c8fcd151d02104299bbbdd2c75457ceece6e4574341251a78d0545cdcf75c29a?s=96&d=mm&r=g\",\"url\":\"https:\\\/\\\/secure.gravatar.com\\\/avatar\\\/c8fcd151d02104299bbbdd2c75457ceece6e4574341251a78d0545cdcf75c29a?s=96&d=mm&r=g\",\"contentUrl\":\"https:\\\/\\\/secure.gravatar.com\\\/avatar\\\/c8fcd151d02104299bbbdd2c75457ceece6e4574341251a78d0545cdcf75c29a?s=96&d=mm&r=g\",\"caption\":\"admin7306\"},\"sameAs\":[\"https:\\\/\\\/www.facebook.com\\\/CombraillesDurables\",\"https:\\\/\\\/x.com\\\/CombraillesD\"],\"url\":\"https:\\\/\\\/www.combraillesdurables.fr\\\/index.php\\\/author\\\/admin7306\\\/\"}]}<\/script>\n<!-- \/ Yoast SEO plugin. -->","yoast_head_json":{"title":"R\u00e9union publique du petit parc solaire \u00e0 Aubiat - Combrailles Durables","robots":{"index":"index","follow":"follow","max-snippet":"max-snippet:-1","max-image-preview":"max-image-preview:large","max-video-preview":"max-video-preview:-1"},"canonical":"https:\/\/www.combraillesdurables.fr\/index.php\/2025\/02\/25\/reunion-publique-du-petit-parc-solaire-a-aubiat\/","og_locale":"fr_FR","og_type":"article","og_title":"R\u00e9union publique du petit parc solaire \u00e0 Aubiat - Combrailles Durables","og_description":"\ud83d\udce2 [ R\u00c9UNION PUBLIQUE ] de nos parcs solaires citoyens d\u00e9velopp\u00e9s avec Enercoop Auvergne-Rhone-Alpes \u2600 Suite des projets de petits parcs solaires sur sites d\u00e9grad\u00e9s \ud83d\ude00 \ud83d\udcc5 A VOS AGENDAS [&hellip;]","og_url":"https:\/\/www.combraillesdurables.fr\/index.php\/2025\/02\/25\/reunion-publique-du-petit-parc-solaire-a-aubiat\/","og_site_name":"Combrailles Durables","article_publisher":"https:\/\/www.facebook.com\/CombraillesDurables\/","article_author":"https:\/\/www.facebook.com\/CombraillesDurables","article_published_time":"2025-02-25T16:04:03+00:00","og_image":[{"width":1314,"height":502,"url":"https:\/\/www.combraillesdurables.fr\/wp-content\/uploads\/2025\/02\/Bandeau.jpg","type":"image\/jpeg"}],"author":"admin7306","twitter_card":"summary_large_image","twitter_creator":"@CombraillesD","twitter_site":"@CombraillesD","twitter_misc":{"\u00c9crit par":"admin7306","Dur\u00e9e de lecture estim\u00e9e":"2 minutes"},"schema":{"@context":"https:\/\/schema.org","@graph":[{"@type":"Article","@id":"https:\/\/www.combraillesdurables.fr\/index.php\/2025\/02\/25\/reunion-publique-du-petit-parc-solaire-a-aubiat\/#article","isPartOf":{"@id":"https:\/\/www.combraillesdurables.fr\/index.php\/2025\/02\/25\/reunion-publique-du-petit-parc-solaire-a-aubiat\/"},"author":{"name":"admin7306","@id":"https:\/\/www.combraillesdurables.fr\/#\/schema\/person\/65dba28a384055af13030a9dcf3f0a9d"},"headline":"R\u00e9union publique du petit parc solaire \u00e0 Aubiat","datePublished":"2025-02-25T16:04:03+00:00","mainEntityOfPage":{"@id":"https:\/\/www.combraillesdurables.fr\/index.php\/2025\/02\/25\/reunion-publique-du-petit-parc-solaire-a-aubiat\/"},"wordCount":171,"publisher":{"@id":"https:\/\/www.combraillesdurables.fr\/#organization"},"image":{"@id":"https:\/\/www.combraillesdurables.fr\/index.php\/2025\/02\/25\/reunion-publique-du-petit-parc-solaire-a-aubiat\/#primaryimage"},"thumbnailUrl":"https:\/\/www.combraillesdurables.fr\/wp-content\/uploads\/2025\/02\/Bandeau.jpg","articleSection":["actualit\u00e9"],"inLanguage":"fr-FR"},{"@type":"WebPage","@id":"https:\/\/www.combraillesdurables.fr\/index.php\/2025\/02\/25\/reunion-publique-du-petit-parc-solaire-a-aubiat\/","url":"https:\/\/www.combraillesdurables.fr\/index.php\/2025\/02\/25\/reunion-publique-du-petit-parc-solaire-a-aubiat\/","name":"R\u00e9union publique du petit parc solaire \u00e0 Aubiat - Combrailles Durables","isPartOf":{"@id":"https:\/\/www.combraillesdurables.fr\/#website"},"primaryImageOfPage":{"@id":"https:\/\/www.combraillesdurables.fr\/index.php\/2025\/02\/25\/reunion-publique-du-petit-parc-solaire-a-aubiat\/#primaryimage"},"image":{"@id":"https:\/\/www.combraillesdurables.fr\/index.php\/2025\/02\/25\/reunion-publique-du-petit-parc-solaire-a-aubiat\/#primaryimage"},"thumbnailUrl":"https:\/\/www.combraillesdurables.fr\/wp-content\/uploads\/2025\/02\/Bandeau.jpg","datePublished":"2025-02-25T16:04:03+00:00","breadcrumb":{"@id":"https:\/\/www.combraillesdurables.fr\/index.php\/2025\/02\/25\/reunion-publique-du-petit-parc-solaire-a-aubiat\/#breadcrumb"},"inLanguage":"fr-FR","potentialAction":[{"@type":"ReadAction","target":["https:\/\/www.combraillesdurables.fr\/index.php\/2025\/02\/25\/reunion-publique-du-petit-parc-solaire-a-aubiat\/"]}]},{"@type":"ImageObject","inLanguage":"fr-FR","@id":"https:\/\/www.combraillesdurables.fr\/index.php\/2025\/02\/25\/reunion-publique-du-petit-parc-solaire-a-aubiat\/#primaryimage","url":"https:\/\/www.combraillesdurables.fr\/wp-content\/uploads\/2025\/02\/Bandeau.jpg","contentUrl":"https:\/\/www.combraillesdurables.fr\/wp-content\/uploads\/2025\/02\/Bandeau.jpg","width":1314,"height":502},{"@type":"BreadcrumbList","@id":"https:\/\/www.combraillesdurables.fr\/index.php\/2025\/02\/25\/reunion-publique-du-petit-parc-solaire-a-aubiat\/#breadcrumb","itemListElement":[{"@type":"ListItem","position":1,"name":"Accueil","item":"https:\/\/www.combraillesdurables.fr\/"},{"@type":"ListItem","position":2,"name":"R\u00e9union publique du petit parc solaire \u00e0 Aubiat"}]},{"@type":"WebSite","@id":"https:\/\/www.combraillesdurables.fr\/#website","url":"https:\/\/www.combraillesdurables.fr\/","name":"Combrailles Durables","description":"L&#039;appropriation citoyenne de l&#039;\u00e9nergie","publisher":{"@id":"https:\/\/www.combraillesdurables.fr\/#organization"},"potentialAction":[{"@type":"SearchAction","target":{"@type":"EntryPoint","urlTemplate":"https:\/\/www.combraillesdurables.fr\/?s={search_term_string}"},"query-input":{"@type":"PropertyValueSpecification","valueRequired":true,"valueName":"search_term_string"}}],"inLanguage":"fr-FR"},{"@type":"Organization","@id":"https:\/\/www.combraillesdurables.fr\/#organization","name":"Combrailles Durables","url":"https:\/\/www.combraillesdurables.fr\/","logo":{"@type":"ImageObject","inLanguage":"fr-FR","@id":"https:\/\/www.combraillesdurables.fr\/#\/schema\/logo\/image\/","url":"http:\/\/www.combraillesdurables.fr\/wp-content\/uploads\/2017\/07\/Logo_cd_sans_titre.jpg","contentUrl":"http:\/\/www.combraillesdurables.fr\/wp-content\/uploads\/2017\/07\/Logo_cd_sans_titre.jpg","width":1032,"height":1434,"caption":"Combrailles Durables"},"image":{"@id":"https:\/\/www.combraillesdurables.fr\/#\/schema\/logo\/image\/"},"sameAs":["https:\/\/www.facebook.com\/CombraillesDurables\/","https:\/\/x.com\/CombraillesD","https:\/\/www.linkedin.com\/company\/coop\u00e9rative-citoyenne-combrailles-durables\/","https:\/\/www.youtube.com\/watch?v=YWw-GFuIsps&amp;amp;amp;amp;amp;list=PLonBK8rvh98W_VSh2nlgNYeloVzJkG61u"]},{"@type":"Person","@id":"https:\/\/www.combraillesdurables.fr\/#\/schema\/person\/65dba28a384055af13030a9dcf3f0a9d","name":"admin7306","image":{"@type":"ImageObject","inLanguage":"fr-FR","@id":"https:\/\/secure.gravatar.com\/avatar\/c8fcd151d02104299bbbdd2c75457ceece6e4574341251a78d0545cdcf75c29a?s=96&d=mm&r=g","url":"https:\/\/secure.gravatar.com\/avatar\/c8fcd151d02104299bbbdd2c75457ceece6e4574341251a78d0545cdcf75c29a?s=96&d=mm&r=g","contentUrl":"https:\/\/secure.gravatar.com\/avatar\/c8fcd151d02104299bbbdd2c75457ceece6e4574341251a78d0545cdcf75c29a?s=96&d=mm&r=g","caption":"admin7306"},"sameAs":["https:\/\/www.facebook.com\/CombraillesDurables","https:\/\/x.com\/CombraillesD"],"url":"https:\/\/www.combraillesdurables.fr\/index.php\/author\/admin7306\/"}]}},"_links":{"self":[{"href":"https:\/\/www.combraillesdurables.fr\/index.php\/wp-json\/wp\/v2\/posts\/4236","targetHints":{"allow":["GET"]}}],"collection":[{"href":"https:\/\/www.combraillesdurables.fr\/index.php\/wp-json\/wp\/v2\/posts"}],"about":[{"href":"https:\/\/www.combraillesdurables.fr\/index.php\/wp-json\/wp\/v2\/types\/post"}],"author":[{"embeddable":true,"href":"https:\/\/www.combraillesdurables.fr\/index.php\/wp-json\/wp\/v2\/users\/1"}],"replies":[{"embeddable":true,"href":"https:\/\/www.combraillesdurables.fr\/index.php\/wp-json\/wp\/v2\/comments?post=4236"}],"version-history":[{"count":2,"href":"https:\/\/www.combraillesdurables.fr\/index.php\/wp-json\/wp\/v2\/posts\/4236\/revisions"}],"predecessor-version":[{"id":4241,"href":"https:\/\/www.combraillesdurables.fr\/index.php\/wp-json\/wp\/v2\/posts\/4236\/revisions\/4241"}],"wp:featuredmedia":[{"embeddable":true,"href":"https:\/\/www.combraillesdurables.fr\/index.php\/wp-json\/wp\/v2\/media\/4237"}],"wp:attachment":[{"href":"https:\/\/www.combraillesdurables.fr\/index.php\/wp-json\/wp\/v2\/media?parent=4236"}],"wp:term":[{"taxonomy":"category","embeddable":true,"href":"https:\/\/www.combraillesdurables.fr\/index.php\/wp-json\/wp\/v2\/categories?post=4236"},{"taxonomy":"post_tag","embeddable":true,"href":"https:\/\/www.combraillesdurables.fr\/index.php\/wp-json\/wp\/v2\/tags?post=4236"}],"curies":[{"name":"wp","href":"https:\/\/api.w.org\/{rel}","templated":true}]}}