{"id":4431,"date":"2025-06-26T14:39:34","date_gmt":"2025-06-26T12:39:34","guid":{"rendered":"https:\/\/www.combraillesdurables.fr\/?p=4431"},"modified":"2025-06-26T14:39:38","modified_gmt":"2025-06-26T12:39:38","slug":"donner-une-seconde-vie-solidaire-a-nos-panneaux-photovoltaiques-laventure-de-combrailles-durables","status":"publish","type":"post","link":"https:\/\/www.combraillesdurables.fr\/index.php\/2025\/06\/26\/donner-une-seconde-vie-solidaire-a-nos-panneaux-photovoltaiques-laventure-de-combrailles-durables\/","title":{"rendered":"Donner une seconde vie solidaire \u00e0 nos panneaux photovolta\u00efques : l\u2019aventure de Combrailles Durables"},"content":{"rendered":"<p>[et_pb_section fb_built=\u00a0\u00bb1&Prime; admin_label=\u00a0\u00bbsection\u00a0\u00bb _builder_version=\u00a0\u00bb4.16&Prime; global_colors_info=\u00a0\u00bb{}\u00a0\u00bb][et_pb_row admin_label=\u00a0\u00bbrow\u00a0\u00bb _builder_version=\u00a0\u00bb4.16&Prime; background_size=\u00a0\u00bbinitial\u00a0\u00bb background_position=\u00a0\u00bbtop_left\u00a0\u00bb background_repeat=\u00a0\u00bbrepeat\u00a0\u00bb global_colors_info=\u00a0\u00bb{}\u00a0\u00bb][et_pb_column type=\u00a0\u00bb4_4&Prime; _builder_version=\u00a0\u00bb4.16&Prime; custom_padding=\u00a0\u00bb|||\u00a0\u00bb global_colors_info=\u00a0\u00bb{}\u00a0\u00bb custom_padding__hover=\u00a0\u00bb|||\u00a0\u00bb][et_pb_text _builder_version=\u00a0\u00bb4.27.0&Prime; _module_preset=\u00a0\u00bbdefault\u00a0\u00bb global_colors_info=\u00a0\u00bb{}\u00a0\u00bb]<\/p>\n<p><b>Combrailles Durables<\/b> porte depuis environ 20 ans une vision citoyenne et locale de la transition \u00e9nerg\u00e9tique. \u00c0 travers notre coop\u00e9rative, nous d\u00e9veloppons des projets solaires photovolta\u00efques au service du territoire, en impliquant habitants et collectivit\u00e9s. Depuis plusieurs mois, nous avons lanc\u00e9 une <b>nouvelle r\u00e9flexion : comment r\u00e9employer nos panneaux solaires usag\u00e9s de mani\u00e8re simple et solidaire ?<\/b><\/p>\n<p>Ce projet est soutenu gr\u00e2ce au programme COOP\u2019TER de l\u2019ADEME.\u00a0<\/p>\n<p>[\/et_pb_text][\/et_pb_column][\/et_pb_row][et_pb_row column_structure=\u00a0\u00bb1_2,1_2&Prime; admin_label=\u00a0\u00bbLigne\u00a0\u00bb _builder_version=\u00a0\u00bb4.27.0&Prime; _module_preset=\u00a0\u00bbdefault\u00a0\u00bb global_colors_info=\u00a0\u00bb{}\u00a0\u00bb][et_pb_column type=\u00a0\u00bb1_2&Prime; _builder_version=\u00a0\u00bb4.27.0&Prime; _module_preset=\u00a0\u00bbdefault\u00a0\u00bb global_colors_info=\u00a0\u00bb{}\u00a0\u00bb][et_pb_image src=\u00a0\u00bbhttps:\/\/www.combraillesdurables.fr\/wp-content\/uploads\/2025\/06\/ademe-logo.jpg\u00a0\u00bb title_text=\u00a0\u00bbademe logo\u00a0\u00bb _builder_version=\u00a0\u00bb4.27.0&Prime; _module_preset=\u00a0\u00bbdefault\u00a0\u00bb global_colors_info=\u00a0\u00bb{}\u00a0\u00bb][\/et_pb_image][\/et_pb_column][et_pb_column type=\u00a0\u00bb1_2&Prime; _builder_version=\u00a0\u00bb4.27.0&Prime; _module_preset=\u00a0\u00bbdefault\u00a0\u00bb global_colors_info=\u00a0\u00bb{}\u00a0\u00bb][et_pb_image src=\u00a0\u00bbhttps:\/\/www.combraillesdurables.fr\/wp-content\/uploads\/2025\/06\/coopter.jpg\u00a0\u00bb title_text=\u00a0\u00bbcoopter\u00a0\u00bb _builder_version=\u00a0\u00bb4.27.0&Prime; _module_preset=\u00a0\u00bbdefault\u00a0\u00bb global_colors_info=\u00a0\u00bb{}\u00a0\u00bb][\/et_pb_image][\/et_pb_column][\/et_pb_row][et_pb_row _builder_version=\u00a0\u00bb4.27.0&Prime; _module_preset=\u00a0\u00bbdefault\u00a0\u00bb global_colors_info=\u00a0\u00bb{}\u00a0\u00bb][et_pb_column type=\u00a0\u00bb4_4&Prime; _builder_version=\u00a0\u00bb4.27.0&Prime; _module_preset=\u00a0\u00bbdefault\u00a0\u00bb global_colors_info=\u00a0\u00bb{}\u00a0\u00bb][et_pb_text admin_label=\u00a0\u00bbText\u00a0\u00bb _builder_version=\u00a0\u00bb4.27.0&Prime; background_size=\u00a0\u00bbinitial\u00a0\u00bb background_position=\u00a0\u00bbtop_left\u00a0\u00bb background_repeat=\u00a0\u00bbrepeat\u00a0\u00bb global_colors_info=\u00a0\u00bb{}\u00a0\u00bb]<\/p>\n<h3><b>Au d\u00e9part une opportunit\u00e9<\/b><\/h3>\n<p>Suite \u00e0 des travaux de r\u00e9novation sur l\u2019une de nos toitures \u00e9quip\u00e9es, nous avons d\u00fb d\u00e9poser environ 80 panneaux photovolta\u00efques d\u2019environ 12 ans d\u2019\u00e2ge. Bien qu\u2019encore fonctionnels, ces panneaux ne peuvent plus \u00eatre remont\u00e9s dans un cadre professionnel classique. Le recyclage des panneaux, possible \u00e0 environ 95%, n\u00e9cessite de les envoyer dans des centres de traitement situ\u00e9s \u00e0 plusieurs centaines de kilom\u00e8tres. Nous avons fait le choix d\u2019explorer une voie alternative plus locale et \u00e9cologique : <b>leur offrir une seconde vie aupr\u00e8s de publics qui en ont besoin \u00e0 l\u2019\u00e9chelle du d\u00e9partement<\/b>.<\/p>\n<h3><b>Un projet de r\u00e9emploi \u00e0 vocation solidaire<\/b><\/h3>\n<p>Ce projet \u00e0 l\u2019\u00e9tat d\u2019exp\u00e9rimentation a plusieurs objectifs :<\/p>\n<ul>\n<li aria-level=\"1\"><b>Favoriser l\u2019acc\u00e8s \u00e0 l\u2019\u00e9nergie renouvelable, \u00e0 moindre co\u00fbt, pour des personnes ou structures ayant des revenus modestes ou porteuses d\u2019actions \u00e9cologiques <\/b>(m\u00e9nages pr\u00e9caires, habitats l\u00e9gers, mara\u00eechers en Bio, etc.).<\/li>\n<li aria-level=\"1\"><b>R\u00e9duire les d\u00e9chets \u00e9lectroniques<\/b> en allongeant la dur\u00e9e de vie de mat\u00e9riels encore fonctionnels.<\/li>\n<li aria-level=\"1\"><b>Initier un nouvel \u00e9cosyst\u00e8me partenarial<\/b> pour la coop\u00e9rative autour des enjeux de pr\u00e9carit\u00e9 \u00e9nerg\u00e9tique et du r\u00e9emploi.<\/li>\n<\/ul>\n<p>Concr\u00e8tement, plusieurs pistes sont \u00e0 l\u2019\u00e9tude :<\/p>\n<ul>\n<li aria-level=\"1\"><b>Concevoir des<\/b> <b>kits solaires d\u2019autoconsommation <\/b>simples \u00e0 auto assembler (support bois, branchement sur prise).<\/li>\n<li aria-level=\"1\"><b>Imaginer des usages low-tech<\/b> : pompage solaire en site isol\u00e9, \u00e9clairage d\u2019atelier, alimentation de petits outils de bricolage\u2026<\/li>\n<li aria-level=\"1\"><b>Fournir les panneaux tels quels<\/b> \u00e0 des utilisateurs avertis tels que des Fab Lab, \u00e0 vocation p\u00e9dagogique par exemple.<\/li>\n<\/ul>\n<h3><b>Avec qui et comment ?<\/b><\/h3>\n<p>Nous avons \u00e9chang\u00e9 avec <b>plusieurs acteurs <\/b>afin de conna\u00eetre leur int\u00e9r\u00eat pour notre d\u00e9marche et identifier leurs r\u00f4les potentiels. Des \u00e9changes ont \u00e9t\u00e9 initi\u00e9s avec <b>l\u2019entreprise d\u2019insertion ENVIE Puy de D\u00f4me<\/b> dont le r\u00f4le pourrait \u00eatre de tester les panneaux, jusqu\u2019\u00e0 la fabrication des kits. Des acteurs comme <b>les Compagnons B\u00e2tisseurs<\/b>, <b>des structures et r\u00e9seaux du domaine de l\u2019agriculture biologique (ex. Bio63) <\/b>pourraient faire le lien avec les b\u00e9n\u00e9ficiaires (m\u00e9nages pr\u00e9caires, mara\u00eecher.e.s) et les accompagner dans la prise en main des panneaux ou du kit. Des <b>associations de type Fab Lab ou d\u2019organisation de chantier participatif<\/b> de jeunes (Caciaura) ont \u00e9galement \u00e9t\u00e9 contact\u00e9es en tant que potentiels b\u00e9n\u00e9ficiaires.<\/p>\n<h3><b>O\u00f9 en est-on ?<\/b><\/h3>\n<p>Nous avons maintenant une bonne id\u00e9e du mat\u00e9riel et du prix pour la fabrication d\u2019un kit 1 panneau de 250 W sur support bois ! Environ 300\u20ac pour 2 kits d&rsquo;occasion de 500 W au total, contre 540\u20ac en neuf. C\u2019est le micro-onduleur qui compose en majorit\u00e9 ce co\u00fbt ; cet \u00e9quipement est charg\u00e9 de transformer l\u2019\u00e9lectricit\u00e9 produite en courant continu par les panneaux en courant alternatif avant d\u2019aller sur le r\u00e9seau !<\/p>\n<p>Aujourd\u2019hui, plein de portes ont \u00e9t\u00e9 ouvertes en termes de partenariat et d\u2019usages, mais les d\u00e9fis restent nombreux : assurantiel, partenarial, \u00e9conomique et social !<\/p>\n<p>\u00c9tant en phase d\u2019\u00e9tude et d\u2019exp\u00e9rimentation, nous recherchons :<\/p>\n<ul>\n<li aria-level=\"1\">des <b>partenaires techniques ou sociaux<\/b>\u00a0 ;<\/li>\n<li aria-level=\"1\">des <b>b\u00e9n\u00e9ficiaires potentiels<\/b> pour tester les usages ;<\/li>\n<li aria-level=\"1\">des <b>moyens de financement<\/b> (subventions, appels \u00e0 projets, m\u00e9c\u00e9nat&#8230;).<\/li>\n<li aria-level=\"1\">des <b>b\u00e9n\u00e9voles\u00a0motiv\u00e9s pour continuer de creuser avec nous !<\/b><\/li>\n<\/ul>\n<p>Si vous \u00eates int\u00e9ress\u00e9\u00b7e, si vous connaissez des personnes ou structures qui pourraient b\u00e9n\u00e9ficier de ces panneaux, ou si vous souhaitez soutenir cette initiative, <b>n\u2019h\u00e9sitez pas \u00e0 nous contacter<\/b> !<\/p>\n<p>[\/et_pb_text][\/et_pb_column][\/et_pb_row][\/et_pb_section]<\/p>\n","protected":false},"excerpt":{"rendered":"<p>Combrailles Durables porte depuis environ 20 ans une vision citoyenne et locale de la transition \u00e9nerg\u00e9tique. \u00c0 travers notre coop\u00e9rative, nous d\u00e9veloppons des projets solaires photovolta\u00efques au service du territoire, [&hellip;]<\/p>\n","protected":false},"author":2,"featured_media":4437,"comment_status":"closed","ping_status":"open","sticky":false,"template":"","format":"standard","meta":{"_et_pb_use_builder":"on","_et_pb_old_content":"<p><b>Combrailles Durables<\/b> porte depuis environ 20 ans une vision citoyenne et locale de la transition \u00e9nerg\u00e9tique. \u00c0 travers notre coop\u00e9rative, nous d\u00e9veloppons des projets solaires photovolta\u00efques au service du territoire, en impliquant habitants et collectivit\u00e9s. Depuis plusieurs mois, nous avons lanc\u00e9 une <b>nouvelle r\u00e9flexion : comment r\u00e9employer nos panneaux solaires usag\u00e9s de mani\u00e8re simple et solidaire ?<\/b><\/p><p style=\"text-align: left;\">Ce projet est soutenu gr\u00e2ce au programme COOP\u2019TER de l\u2019ADEME.\u00a0<a href=\"https:\/\/www.combraillesdurables.fr\/wp-content\/uploads\/2025\/06\/ademe-logo.jpg\"><img class=\"alignleft wp-image-4432\" src=\"https:\/\/www.combraillesdurables.fr\/wp-content\/uploads\/2025\/06\/ademe-logo.jpg\" alt=\"\" width=\"191\" height=\"94\" \/><\/a> <a href=\"https:\/\/www.combraillesdurables.fr\/wp-content\/uploads\/2025\/06\/coopter.jpg\"><img class=\"aligncenter  wp-image-4433\" src=\"https:\/\/www.combraillesdurables.fr\/wp-content\/uploads\/2025\/06\/coopter.jpg\" alt=\"\" width=\"166\" height=\"59\" \/><\/a><br \/><br \/><br \/><\/p><h3><b>Au d\u00e9part une opportunit\u00e9<\/b><\/h3><p>Suite \u00e0 des travaux de r\u00e9novation sur l\u2019une de nos toitures \u00e9quip\u00e9es, nous avons d\u00fb d\u00e9poser environ 80 panneaux photovolta\u00efques d\u2019environ 12 ans d\u2019\u00e2ge. Bien qu\u2019encore fonctionnels, ces panneaux ne peuvent plus \u00eatre remont\u00e9s dans un cadre professionnel classique. Le recyclage des panneaux, possible \u00e0 environ 95%, n\u00e9cessite de les envoyer dans des centres de traitement situ\u00e9s \u00e0 plusieurs centaines de kilom\u00e8tres. Nous avons fait le choix d\u2019explorer une voie alternative plus locale et \u00e9cologique : <b>leur offrir une seconde vie aupr\u00e8s de publics qui en ont besoin \u00e0 l\u2019\u00e9chelle du d\u00e9partement<\/b>.<\/p><h3><b>Un projet de r\u00e9emploi \u00e0 vocation solidaire<\/b><\/h3><p>Ce projet \u00e0 l\u2019\u00e9tat d\u2019exp\u00e9rimentation a plusieurs objectifs :<\/p><ul><li aria-level=\"1\"><b>Favoriser l\u2019acc\u00e8s \u00e0 l\u2019\u00e9nergie renouvelable, \u00e0 moindre co\u00fbt, pour des personnes ou structures ayant des revenus modestes ou porteuses d\u2019actions \u00e9cologiques <\/b>(m\u00e9nages pr\u00e9caires, habitats l\u00e9gers, mara\u00eechers en Bio, etc.).<\/li><li aria-level=\"1\"><b>R\u00e9duire les d\u00e9chets \u00e9lectroniques<\/b> en allongeant la dur\u00e9e de vie de mat\u00e9riels encore fonctionnels.<\/li><li aria-level=\"1\"><b>Initier un nouvel \u00e9cosyst\u00e8me partenarial<\/b> pour la coop\u00e9rative autour des enjeux de pr\u00e9carit\u00e9 \u00e9nerg\u00e9tique et du r\u00e9emploi.\u00a0<\/li><\/ul><p>\u00a0<\/p><p>Concr\u00e8tement, plusieurs pistes sont \u00e0 l\u2019\u00e9tude :<\/p><ul><li aria-level=\"1\"><b>Concevoir des<\/b> <b>kits solaires d\u2019autoconsommation <\/b>simples \u00e0 auto assembler (support bois, branchement sur prise).<\/li><li aria-level=\"1\"><b>Imaginer des usages low-tech<\/b> : pompage solaire en site isol\u00e9, \u00e9clairage d\u2019atelier, alimentation de petits outils de bricolage\u2026<\/li><li aria-level=\"1\"><b>Fournir les panneaux tels quels<\/b> \u00e0 des utilisateurs avertis tels que des Fab Lab, \u00e0 vocation p\u00e9dagogique par exemple.<br \/><br \/><\/li><\/ul><h3><b>Avec qui et comment ?<\/b><\/h3><p>Nous avons \u00e9chang\u00e9 avec <b>plusieurs acteurs <\/b>afin de conna\u00eetre leur int\u00e9r\u00eat pour notre d\u00e9marche et identifier leurs r\u00f4les potentiels.\u00a0<\/p><p>Des \u00e9changes ont \u00e9t\u00e9 initi\u00e9s avec <b>l\u2019entreprise d\u2019insertion ENVIE Puy de D\u00f4me<\/b> dont le r\u00f4le pourrait \u00eatre de tester les panneaux, jusqu\u2019\u00e0 la fabrication des kits.\u00a0<\/p><p>Des acteurs comme <b>les Compagnons B\u00e2tisseurs<\/b>, <b>des structures et r\u00e9seaux du domaine de l\u2019agriculture biologique (ex. Bio63) <\/b>pourraient faire le lien avec les b\u00e9n\u00e9ficiaires (m\u00e9nages pr\u00e9caires, mara\u00eecher.e.s) et les accompagner dans la prise en main des panneaux ou du kit.<\/p><p>Des <b>associations de type Fab Lab ou d\u2019organisation de chantier participatif<\/b> de jeunes (Caciaura) ont \u00e9galement \u00e9t\u00e9 contact\u00e9es en tant que potentiels b\u00e9n\u00e9ficiaires.\u00a0<\/p><h3><b>O\u00f9 en est-on ?<\/b><\/h3><p>Nous avons maintenant une bonne id\u00e9e du mat\u00e9riel et du prix pour la fabrication d\u2019un kit 1 panneau de 250 W sur support bois ! Environ 300\u20ac pour 2 kits d'occasion de 500 W au total, contre 540\u20ac en neuf. C\u2019est le micro-onduleur qui compose en majorit\u00e9 ce co\u00fbt ; cet \u00e9quipement est charg\u00e9 de transformer l\u2019\u00e9lectricit\u00e9 produite en courant continu par les panneaux en courant alternatif avant d\u2019aller sur le r\u00e9seau !<\/p><p>Aujourd\u2019hui, plein de portes ont \u00e9t\u00e9 ouvertes en termes de partenariat et d\u2019usages, mais les d\u00e9fis restent nombreux : assurantiel, partenarial, \u00e9conomique et social !<\/p><p>\u00c9tant en phase d\u2019\u00e9tude et d\u2019exp\u00e9rimentation, nous recherchons :<\/p><ul><li aria-level=\"1\">des <b>partenaires techniques ou sociaux<\/b>\u00a0 ;<\/li><li aria-level=\"1\">des <b>b\u00e9n\u00e9ficiaires potentiels<\/b> pour tester les usages ;<\/li><li aria-level=\"1\">des <b>moyens de financement<\/b> (subventions, appels \u00e0 projets, m\u00e9c\u00e9nat...).<\/li><li aria-level=\"1\">des <b>b\u00e9n\u00e9voles\u00a0motiv\u00e9s pour continuer de creuser avec nous !<\/b><\/li><\/ul><p>Si vous \u00eates int\u00e9ress\u00e9\u00b7e, si vous connaissez des personnes ou structures qui pourraient b\u00e9n\u00e9ficier de ces panneaux, ou si vous souhaitez soutenir cette initiative, <b>n\u2019h\u00e9sitez pas \u00e0 nous contacter<\/b> !<\/p><p>\ud83d\udcec <b>Contact :<\/b> Adrienne Pernot du Breuil \u2013 <a href=\"mailto:adriennePeDuBr@proton.me\">adriennePeDuBr@proton.me<\/a> <i><br \/><\/i> \ud83c\udf10 <b>Plus d\u2019infos :<\/b><a href=\"https:\/\/www.combraillesdurables.fr\/index.php\/demarche\/\"> combraillesdurables.fr<\/a><\/p>","_et_gb_content_width":"","footnotes":""},"categories":[12],"tags":[],"class_list":["post-4431","post","type-post","status-publish","format-standard","has-post-thumbnail","hentry","category-actualite"],"yoast_head":"<!-- This site is optimized with the Yoast SEO plugin v27.5 - https:\/\/yoast.com\/product\/yoast-seo-wordpress\/ -->\n<title>Donner une seconde vie solidaire \u00e0 nos panneaux photovolta\u00efques : l\u2019aventure de Combrailles Durables - Combrailles Durables<\/title>\n<meta name=\"robots\" content=\"index, follow, max-snippet:-1, max-image-preview:large, max-video-preview:-1\" \/>\n<link rel=\"canonical\" href=\"https:\/\/www.combraillesdurables.fr\/index.php\/2025\/06\/26\/donner-une-seconde-vie-solidaire-a-nos-panneaux-photovoltaiques-laventure-de-combrailles-durables\/\" \/>\n<meta property=\"og:locale\" content=\"fr_FR\" \/>\n<meta property=\"og:type\" content=\"article\" \/>\n<meta property=\"og:title\" content=\"Donner une seconde vie solidaire \u00e0 nos panneaux photovolta\u00efques : l\u2019aventure de Combrailles Durables - Combrailles Durables\" \/>\n<meta property=\"og:description\" content=\"Combrailles Durables porte depuis environ 20 ans une vision citoyenne et locale de la transition \u00e9nerg\u00e9tique. \u00c0 travers notre coop\u00e9rative, nous d\u00e9veloppons des projets solaires photovolta\u00efques au service du territoire, [&hellip;]\" \/>\n<meta property=\"og:url\" content=\"https:\/\/www.combraillesdurables.fr\/index.php\/2025\/06\/26\/donner-une-seconde-vie-solidaire-a-nos-panneaux-photovoltaiques-laventure-de-combrailles-durables\/\" \/>\n<meta property=\"og:site_name\" content=\"Combrailles Durables\" \/>\n<meta property=\"article:publisher\" content=\"https:\/\/www.facebook.com\/CombraillesDurables\/\" \/>\n<meta property=\"article:author\" content=\"https:\/\/www.facebook.com\/nelly.galland\" \/>\n<meta property=\"article:published_time\" content=\"2025-06-26T12:39:34+00:00\" \/>\n<meta property=\"article:modified_time\" content=\"2025-06-26T12:39:38+00:00\" \/>\n<meta property=\"og:image\" content=\"https:\/\/www.combraillesdurables.fr\/wp-content\/uploads\/2025\/06\/kit.jpg\" \/>\n\t<meta property=\"og:image:width\" content=\"616\" \/>\n\t<meta property=\"og:image:height\" content=\"617\" \/>\n\t<meta property=\"og:image:type\" content=\"image\/jpeg\" \/>\n<meta name=\"author\" content=\"Nelly GALLAND\" \/>\n<meta name=\"twitter:card\" content=\"summary_large_image\" \/>\n<meta name=\"twitter:creator\" content=\"@CombraillesD\" \/>\n<meta name=\"twitter:site\" content=\"@CombraillesD\" \/>\n<meta name=\"twitter:label1\" content=\"\u00c9crit par\" \/>\n\t<meta name=\"twitter:data1\" content=\"Nelly GALLAND\" \/>\n\t<meta name=\"twitter:label2\" content=\"Dur\u00e9e de lecture estim\u00e9e\" \/>\n\t<meta name=\"twitter:data2\" content=\"4 minutes\" \/>\n<script type=\"application\/ld+json\" class=\"yoast-schema-graph\">{\"@context\":\"https:\\\/\\\/schema.org\",\"@graph\":[{\"@type\":\"Article\",\"@id\":\"https:\\\/\\\/www.combraillesdurables.fr\\\/index.php\\\/2025\\\/06\\\/26\\\/donner-une-seconde-vie-solidaire-a-nos-panneaux-photovoltaiques-laventure-de-combrailles-durables\\\/#article\",\"isPartOf\":{\"@id\":\"https:\\\/\\\/www.combraillesdurables.fr\\\/index.php\\\/2025\\\/06\\\/26\\\/donner-une-seconde-vie-solidaire-a-nos-panneaux-photovoltaiques-laventure-de-combrailles-durables\\\/\"},\"author\":{\"name\":\"Nelly GALLAND\",\"@id\":\"https:\\\/\\\/www.combraillesdurables.fr\\\/#\\\/schema\\\/person\\\/a6e4141ad94f743986ada4183b29df75\"},\"headline\":\"Donner une seconde vie solidaire \u00e0 nos panneaux photovolta\u00efques : l\u2019aventure de Combrailles Durables\",\"datePublished\":\"2025-06-26T12:39:34+00:00\",\"dateModified\":\"2025-06-26T12:39:38+00:00\",\"mainEntityOfPage\":{\"@id\":\"https:\\\/\\\/www.combraillesdurables.fr\\\/index.php\\\/2025\\\/06\\\/26\\\/donner-une-seconde-vie-solidaire-a-nos-panneaux-photovoltaiques-laventure-de-combrailles-durables\\\/\"},\"wordCount\":889,\"publisher\":{\"@id\":\"https:\\\/\\\/www.combraillesdurables.fr\\\/#organization\"},\"image\":{\"@id\":\"https:\\\/\\\/www.combraillesdurables.fr\\\/index.php\\\/2025\\\/06\\\/26\\\/donner-une-seconde-vie-solidaire-a-nos-panneaux-photovoltaiques-laventure-de-combrailles-durables\\\/#primaryimage\"},\"thumbnailUrl\":\"https:\\\/\\\/www.combraillesdurables.fr\\\/wp-content\\\/uploads\\\/2025\\\/06\\\/kit.jpg\",\"articleSection\":[\"actualit\u00e9\"],\"inLanguage\":\"fr-FR\"},{\"@type\":\"WebPage\",\"@id\":\"https:\\\/\\\/www.combraillesdurables.fr\\\/index.php\\\/2025\\\/06\\\/26\\\/donner-une-seconde-vie-solidaire-a-nos-panneaux-photovoltaiques-laventure-de-combrailles-durables\\\/\",\"url\":\"https:\\\/\\\/www.combraillesdurables.fr\\\/index.php\\\/2025\\\/06\\\/26\\\/donner-une-seconde-vie-solidaire-a-nos-panneaux-photovoltaiques-laventure-de-combrailles-durables\\\/\",\"name\":\"Donner une seconde vie solidaire \u00e0 nos panneaux photovolta\u00efques : l\u2019aventure de Combrailles Durables - Combrailles Durables\",\"isPartOf\":{\"@id\":\"https:\\\/\\\/www.combraillesdurables.fr\\\/#website\"},\"primaryImageOfPage\":{\"@id\":\"https:\\\/\\\/www.combraillesdurables.fr\\\/index.php\\\/2025\\\/06\\\/26\\\/donner-une-seconde-vie-solidaire-a-nos-panneaux-photovoltaiques-laventure-de-combrailles-durables\\\/#primaryimage\"},\"image\":{\"@id\":\"https:\\\/\\\/www.combraillesdurables.fr\\\/index.php\\\/2025\\\/06\\\/26\\\/donner-une-seconde-vie-solidaire-a-nos-panneaux-photovoltaiques-laventure-de-combrailles-durables\\\/#primaryimage\"},\"thumbnailUrl\":\"https:\\\/\\\/www.combraillesdurables.fr\\\/wp-content\\\/uploads\\\/2025\\\/06\\\/kit.jpg\",\"datePublished\":\"2025-06-26T12:39:34+00:00\",\"dateModified\":\"2025-06-26T12:39:38+00:00\",\"breadcrumb\":{\"@id\":\"https:\\\/\\\/www.combraillesdurables.fr\\\/index.php\\\/2025\\\/06\\\/26\\\/donner-une-seconde-vie-solidaire-a-nos-panneaux-photovoltaiques-laventure-de-combrailles-durables\\\/#breadcrumb\"},\"inLanguage\":\"fr-FR\",\"potentialAction\":[{\"@type\":\"ReadAction\",\"target\":[\"https:\\\/\\\/www.combraillesdurables.fr\\\/index.php\\\/2025\\\/06\\\/26\\\/donner-une-seconde-vie-solidaire-a-nos-panneaux-photovoltaiques-laventure-de-combrailles-durables\\\/\"]}]},{\"@type\":\"ImageObject\",\"inLanguage\":\"fr-FR\",\"@id\":\"https:\\\/\\\/www.combraillesdurables.fr\\\/index.php\\\/2025\\\/06\\\/26\\\/donner-une-seconde-vie-solidaire-a-nos-panneaux-photovoltaiques-laventure-de-combrailles-durables\\\/#primaryimage\",\"url\":\"https:\\\/\\\/www.combraillesdurables.fr\\\/wp-content\\\/uploads\\\/2025\\\/06\\\/kit.jpg\",\"contentUrl\":\"https:\\\/\\\/www.combraillesdurables.fr\\\/wp-content\\\/uploads\\\/2025\\\/06\\\/kit.jpg\",\"width\":616,\"height\":617},{\"@type\":\"BreadcrumbList\",\"@id\":\"https:\\\/\\\/www.combraillesdurables.fr\\\/index.php\\\/2025\\\/06\\\/26\\\/donner-une-seconde-vie-solidaire-a-nos-panneaux-photovoltaiques-laventure-de-combrailles-durables\\\/#breadcrumb\",\"itemListElement\":[{\"@type\":\"ListItem\",\"position\":1,\"name\":\"Accueil\",\"item\":\"https:\\\/\\\/www.combraillesdurables.fr\\\/\"},{\"@type\":\"ListItem\",\"position\":2,\"name\":\"Donner une seconde vie solidaire \u00e0 nos panneaux photovolta\u00efques : l\u2019aventure de Combrailles Durables\"}]},{\"@type\":\"WebSite\",\"@id\":\"https:\\\/\\\/www.combraillesdurables.fr\\\/#website\",\"url\":\"https:\\\/\\\/www.combraillesdurables.fr\\\/\",\"name\":\"Combrailles Durables\",\"description\":\"L&#039;appropriation citoyenne de l&#039;\u00e9nergie\",\"publisher\":{\"@id\":\"https:\\\/\\\/www.combraillesdurables.fr\\\/#organization\"},\"potentialAction\":[{\"@type\":\"SearchAction\",\"target\":{\"@type\":\"EntryPoint\",\"urlTemplate\":\"https:\\\/\\\/www.combraillesdurables.fr\\\/?s={search_term_string}\"},\"query-input\":{\"@type\":\"PropertyValueSpecification\",\"valueRequired\":true,\"valueName\":\"search_term_string\"}}],\"inLanguage\":\"fr-FR\"},{\"@type\":\"Organization\",\"@id\":\"https:\\\/\\\/www.combraillesdurables.fr\\\/#organization\",\"name\":\"Combrailles Durables\",\"url\":\"https:\\\/\\\/www.combraillesdurables.fr\\\/\",\"logo\":{\"@type\":\"ImageObject\",\"inLanguage\":\"fr-FR\",\"@id\":\"https:\\\/\\\/www.combraillesdurables.fr\\\/#\\\/schema\\\/logo\\\/image\\\/\",\"url\":\"http:\\\/\\\/www.combraillesdurables.fr\\\/wp-content\\\/uploads\\\/2017\\\/07\\\/Logo_cd_sans_titre.jpg\",\"contentUrl\":\"http:\\\/\\\/www.combraillesdurables.fr\\\/wp-content\\\/uploads\\\/2017\\\/07\\\/Logo_cd_sans_titre.jpg\",\"width\":1032,\"height\":1434,\"caption\":\"Combrailles Durables\"},\"image\":{\"@id\":\"https:\\\/\\\/www.combraillesdurables.fr\\\/#\\\/schema\\\/logo\\\/image\\\/\"},\"sameAs\":[\"https:\\\/\\\/www.facebook.com\\\/CombraillesDurables\\\/\",\"https:\\\/\\\/x.com\\\/CombraillesD\",\"https:\\\/\\\/www.linkedin.com\\\/company\\\/coop\u00e9rative-citoyenne-combrailles-durables\\\/\",\"https:\\\/\\\/www.youtube.com\\\/watch?v=YWw-GFuIsps&amp;amp;amp;amp;amp;list=PLonBK8rvh98W_VSh2nlgNYeloVzJkG61u\"]},{\"@type\":\"Person\",\"@id\":\"https:\\\/\\\/www.combraillesdurables.fr\\\/#\\\/schema\\\/person\\\/a6e4141ad94f743986ada4183b29df75\",\"name\":\"Nelly GALLAND\",\"image\":{\"@type\":\"ImageObject\",\"inLanguage\":\"fr-FR\",\"@id\":\"https:\\\/\\\/secure.gravatar.com\\\/avatar\\\/703652b67390d47d912e0a89a95fed5cac83a943c8bfb29f6cb4c02a0343b58e?s=96&d=mm&r=g\",\"url\":\"https:\\\/\\\/secure.gravatar.com\\\/avatar\\\/703652b67390d47d912e0a89a95fed5cac83a943c8bfb29f6cb4c02a0343b58e?s=96&d=mm&r=g\",\"contentUrl\":\"https:\\\/\\\/secure.gravatar.com\\\/avatar\\\/703652b67390d47d912e0a89a95fed5cac83a943c8bfb29f6cb4c02a0343b58e?s=96&d=mm&r=g\",\"caption\":\"Nelly GALLAND\"},\"sameAs\":[\"https:\\\/\\\/www.facebook.com\\\/nelly.galland\"],\"url\":\"https:\\\/\\\/www.combraillesdurables.fr\\\/index.php\\\/author\\\/lilly\\\/\"}]}<\/script>\n<!-- \/ Yoast SEO plugin. -->","yoast_head_json":{"title":"Donner une seconde vie solidaire \u00e0 nos panneaux photovolta\u00efques : l\u2019aventure de Combrailles Durables - Combrailles Durables","robots":{"index":"index","follow":"follow","max-snippet":"max-snippet:-1","max-image-preview":"max-image-preview:large","max-video-preview":"max-video-preview:-1"},"canonical":"https:\/\/www.combraillesdurables.fr\/index.php\/2025\/06\/26\/donner-une-seconde-vie-solidaire-a-nos-panneaux-photovoltaiques-laventure-de-combrailles-durables\/","og_locale":"fr_FR","og_type":"article","og_title":"Donner une seconde vie solidaire \u00e0 nos panneaux photovolta\u00efques : l\u2019aventure de Combrailles Durables - Combrailles Durables","og_description":"Combrailles Durables porte depuis environ 20 ans une vision citoyenne et locale de la transition \u00e9nerg\u00e9tique. \u00c0 travers notre coop\u00e9rative, nous d\u00e9veloppons des projets solaires photovolta\u00efques au service du territoire, [&hellip;]","og_url":"https:\/\/www.combraillesdurables.fr\/index.php\/2025\/06\/26\/donner-une-seconde-vie-solidaire-a-nos-panneaux-photovoltaiques-laventure-de-combrailles-durables\/","og_site_name":"Combrailles Durables","article_publisher":"https:\/\/www.facebook.com\/CombraillesDurables\/","article_author":"https:\/\/www.facebook.com\/nelly.galland","article_published_time":"2025-06-26T12:39:34+00:00","article_modified_time":"2025-06-26T12:39:38+00:00","og_image":[{"width":616,"height":617,"url":"https:\/\/www.combraillesdurables.fr\/wp-content\/uploads\/2025\/06\/kit.jpg","type":"image\/jpeg"}],"author":"Nelly GALLAND","twitter_card":"summary_large_image","twitter_creator":"@CombraillesD","twitter_site":"@CombraillesD","twitter_misc":{"\u00c9crit par":"Nelly GALLAND","Dur\u00e9e de lecture estim\u00e9e":"4 minutes"},"schema":{"@context":"https:\/\/schema.org","@graph":[{"@type":"Article","@id":"https:\/\/www.combraillesdurables.fr\/index.php\/2025\/06\/26\/donner-une-seconde-vie-solidaire-a-nos-panneaux-photovoltaiques-laventure-de-combrailles-durables\/#article","isPartOf":{"@id":"https:\/\/www.combraillesdurables.fr\/index.php\/2025\/06\/26\/donner-une-seconde-vie-solidaire-a-nos-panneaux-photovoltaiques-laventure-de-combrailles-durables\/"},"author":{"name":"Nelly GALLAND","@id":"https:\/\/www.combraillesdurables.fr\/#\/schema\/person\/a6e4141ad94f743986ada4183b29df75"},"headline":"Donner une seconde vie solidaire \u00e0 nos panneaux photovolta\u00efques : l\u2019aventure de Combrailles Durables","datePublished":"2025-06-26T12:39:34+00:00","dateModified":"2025-06-26T12:39:38+00:00","mainEntityOfPage":{"@id":"https:\/\/www.combraillesdurables.fr\/index.php\/2025\/06\/26\/donner-une-seconde-vie-solidaire-a-nos-panneaux-photovoltaiques-laventure-de-combrailles-durables\/"},"wordCount":889,"publisher":{"@id":"https:\/\/www.combraillesdurables.fr\/#organization"},"image":{"@id":"https:\/\/www.combraillesdurables.fr\/index.php\/2025\/06\/26\/donner-une-seconde-vie-solidaire-a-nos-panneaux-photovoltaiques-laventure-de-combrailles-durables\/#primaryimage"},"thumbnailUrl":"https:\/\/www.combraillesdurables.fr\/wp-content\/uploads\/2025\/06\/kit.jpg","articleSection":["actualit\u00e9"],"inLanguage":"fr-FR"},{"@type":"WebPage","@id":"https:\/\/www.combraillesdurables.fr\/index.php\/2025\/06\/26\/donner-une-seconde-vie-solidaire-a-nos-panneaux-photovoltaiques-laventure-de-combrailles-durables\/","url":"https:\/\/www.combraillesdurables.fr\/index.php\/2025\/06\/26\/donner-une-seconde-vie-solidaire-a-nos-panneaux-photovoltaiques-laventure-de-combrailles-durables\/","name":"Donner une seconde vie solidaire \u00e0 nos panneaux photovolta\u00efques : l\u2019aventure de Combrailles Durables - Combrailles Durables","isPartOf":{"@id":"https:\/\/www.combraillesdurables.fr\/#website"},"primaryImageOfPage":{"@id":"https:\/\/www.combraillesdurables.fr\/index.php\/2025\/06\/26\/donner-une-seconde-vie-solidaire-a-nos-panneaux-photovoltaiques-laventure-de-combrailles-durables\/#primaryimage"},"image":{"@id":"https:\/\/www.combraillesdurables.fr\/index.php\/2025\/06\/26\/donner-une-seconde-vie-solidaire-a-nos-panneaux-photovoltaiques-laventure-de-combrailles-durables\/#primaryimage"},"thumbnailUrl":"https:\/\/www.combraillesdurables.fr\/wp-content\/uploads\/2025\/06\/kit.jpg","datePublished":"2025-06-26T12:39:34+00:00","dateModified":"2025-06-26T12:39:38+00:00","breadcrumb":{"@id":"https:\/\/www.combraillesdurables.fr\/index.php\/2025\/06\/26\/donner-une-seconde-vie-solidaire-a-nos-panneaux-photovoltaiques-laventure-de-combrailles-durables\/#breadcrumb"},"inLanguage":"fr-FR","potentialAction":[{"@type":"ReadAction","target":["https:\/\/www.combraillesdurables.fr\/index.php\/2025\/06\/26\/donner-une-seconde-vie-solidaire-a-nos-panneaux-photovoltaiques-laventure-de-combrailles-durables\/"]}]},{"@type":"ImageObject","inLanguage":"fr-FR","@id":"https:\/\/www.combraillesdurables.fr\/index.php\/2025\/06\/26\/donner-une-seconde-vie-solidaire-a-nos-panneaux-photovoltaiques-laventure-de-combrailles-durables\/#primaryimage","url":"https:\/\/www.combraillesdurables.fr\/wp-content\/uploads\/2025\/06\/kit.jpg","contentUrl":"https:\/\/www.combraillesdurables.fr\/wp-content\/uploads\/2025\/06\/kit.jpg","width":616,"height":617},{"@type":"BreadcrumbList","@id":"https:\/\/www.combraillesdurables.fr\/index.php\/2025\/06\/26\/donner-une-seconde-vie-solidaire-a-nos-panneaux-photovoltaiques-laventure-de-combrailles-durables\/#breadcrumb","itemListElement":[{"@type":"ListItem","position":1,"name":"Accueil","item":"https:\/\/www.combraillesdurables.fr\/"},{"@type":"ListItem","position":2,"name":"Donner une seconde vie solidaire \u00e0 nos panneaux photovolta\u00efques : l\u2019aventure de Combrailles Durables"}]},{"@type":"WebSite","@id":"https:\/\/www.combraillesdurables.fr\/#website","url":"https:\/\/www.combraillesdurables.fr\/","name":"Combrailles Durables","description":"L&#039;appropriation citoyenne de l&#039;\u00e9nergie","publisher":{"@id":"https:\/\/www.combraillesdurables.fr\/#organization"},"potentialAction":[{"@type":"SearchAction","target":{"@type":"EntryPoint","urlTemplate":"https:\/\/www.combraillesdurables.fr\/?s={search_term_string}"},"query-input":{"@type":"PropertyValueSpecification","valueRequired":true,"valueName":"search_term_string"}}],"inLanguage":"fr-FR"},{"@type":"Organization","@id":"https:\/\/www.combraillesdurables.fr\/#organization","name":"Combrailles Durables","url":"https:\/\/www.combraillesdurables.fr\/","logo":{"@type":"ImageObject","inLanguage":"fr-FR","@id":"https:\/\/www.combraillesdurables.fr\/#\/schema\/logo\/image\/","url":"http:\/\/www.combraillesdurables.fr\/wp-content\/uploads\/2017\/07\/Logo_cd_sans_titre.jpg","contentUrl":"http:\/\/www.combraillesdurables.fr\/wp-content\/uploads\/2017\/07\/Logo_cd_sans_titre.jpg","width":1032,"height":1434,"caption":"Combrailles Durables"},"image":{"@id":"https:\/\/www.combraillesdurables.fr\/#\/schema\/logo\/image\/"},"sameAs":["https:\/\/www.facebook.com\/CombraillesDurables\/","https:\/\/x.com\/CombraillesD","https:\/\/www.linkedin.com\/company\/coop\u00e9rative-citoyenne-combrailles-durables\/","https:\/\/www.youtube.com\/watch?v=YWw-GFuIsps&amp;amp;amp;amp;amp;list=PLonBK8rvh98W_VSh2nlgNYeloVzJkG61u"]},{"@type":"Person","@id":"https:\/\/www.combraillesdurables.fr\/#\/schema\/person\/a6e4141ad94f743986ada4183b29df75","name":"Nelly GALLAND","image":{"@type":"ImageObject","inLanguage":"fr-FR","@id":"https:\/\/secure.gravatar.com\/avatar\/703652b67390d47d912e0a89a95fed5cac83a943c8bfb29f6cb4c02a0343b58e?s=96&d=mm&r=g","url":"https:\/\/secure.gravatar.com\/avatar\/703652b67390d47d912e0a89a95fed5cac83a943c8bfb29f6cb4c02a0343b58e?s=96&d=mm&r=g","contentUrl":"https:\/\/secure.gravatar.com\/avatar\/703652b67390d47d912e0a89a95fed5cac83a943c8bfb29f6cb4c02a0343b58e?s=96&d=mm&r=g","caption":"Nelly GALLAND"},"sameAs":["https:\/\/www.facebook.com\/nelly.galland"],"url":"https:\/\/www.combraillesdurables.fr\/index.php\/author\/lilly\/"}]}},"_links":{"self":[{"href":"https:\/\/www.combraillesdurables.fr\/index.php\/wp-json\/wp\/v2\/posts\/4431","targetHints":{"allow":["GET"]}}],"collection":[{"href":"https:\/\/www.combraillesdurables.fr\/index.php\/wp-json\/wp\/v2\/posts"}],"about":[{"href":"https:\/\/www.combraillesdurables.fr\/index.php\/wp-json\/wp\/v2\/types\/post"}],"author":[{"embeddable":true,"href":"https:\/\/www.combraillesdurables.fr\/index.php\/wp-json\/wp\/v2\/users\/2"}],"replies":[{"embeddable":true,"href":"https:\/\/www.combraillesdurables.fr\/index.php\/wp-json\/wp\/v2\/comments?post=4431"}],"version-history":[{"count":4,"href":"https:\/\/www.combraillesdurables.fr\/index.php\/wp-json\/wp\/v2\/posts\/4431\/revisions"}],"predecessor-version":[{"id":4439,"href":"https:\/\/www.combraillesdurables.fr\/index.php\/wp-json\/wp\/v2\/posts\/4431\/revisions\/4439"}],"wp:featuredmedia":[{"embeddable":true,"href":"https:\/\/www.combraillesdurables.fr\/index.php\/wp-json\/wp\/v2\/media\/4437"}],"wp:attachment":[{"href":"https:\/\/www.combraillesdurables.fr\/index.php\/wp-json\/wp\/v2\/media?parent=4431"}],"wp:term":[{"taxonomy":"category","embeddable":true,"href":"https:\/\/www.combraillesdurables.fr\/index.php\/wp-json\/wp\/v2\/categories?post=4431"},{"taxonomy":"post_tag","embeddable":true,"href":"https:\/\/www.combraillesdurables.fr\/index.php\/wp-json\/wp\/v2\/tags?post=4431"}],"curies":[{"name":"wp","href":"https:\/\/api.w.org\/{rel}","templated":true}]}}