{"id":4519,"date":"2026-01-20T16:47:00","date_gmt":"2026-01-20T15:47:00","guid":{"rendered":"https:\/\/www.combraillesdurables.fr\/?p=4519"},"modified":"2026-01-20T16:47:00","modified_gmt":"2026-01-20T15:47:00","slug":"mardi-10-fevrier-2026-venez-inaugurer-le-parc-solaire-a-saint-myon","status":"publish","type":"post","link":"https:\/\/www.combraillesdurables.fr\/index.php\/2026\/01\/20\/mardi-10-fevrier-2026-venez-inaugurer-le-parc-solaire-a-saint-myon\/","title":{"rendered":"MARDI 10 F\u00c9VRIER 2026 : VENEZ INAUGURER LE PARC SOLAIRE A SAINT MYON !"},"content":{"rendered":"<div class=\"x14z9mp xat24cr x1lziwak x1vvkbs xtlvy1s x126k92a\">\n<div dir=\"auto\"><span class=\"html-span xexx8yu xyri2b x18d9i69 x1c1uobl x1hl2dhg x16tdsg8 x1vvkbs x3nfvp2 x1j61x8r x1fcty0u xdj266r xat24cr xm2jcoa x1mpyi22 xxymvpz xlup9mm x1kky2od\"><img loading=\"lazy\" decoding=\"async\" class=\"xz74otr x15mokao x1ga7v0g x16uus16 xbiv7yw\" src=\"https:\/\/static.xx.fbcdn.net\/images\/emoji.php\/v9\/t7e\/1\/16\/1f4c5.png\" alt=\"\ud83d\udcc5\" width=\"16\" height=\"16\" \/><\/span> A VOS AGENDAS ! <span class=\"html-span xexx8yu xyri2b x18d9i69 x1c1uobl x1hl2dhg x16tdsg8 x1vvkbs x3nfvp2 x1j61x8r x1fcty0u xdj266r xat24cr xm2jcoa x1mpyi22 xxymvpz xlup9mm x1kky2od\"><img loading=\"lazy\" decoding=\"async\" class=\"xz74otr x15mokao x1ga7v0g x16uus16 xbiv7yw\" src=\"https:\/\/static.xx.fbcdn.net\/images\/emoji.php\/v9\/t7e\/1\/16\/1f4c5.png\" alt=\"\ud83d\udcc5\" width=\"16\" height=\"16\" \/><\/span><\/div>\n<\/div>\n<div dir=\"auto\"><\/div>\n<div class=\"x14z9mp xat24cr x1lziwak x1vvkbs xtlvy1s x126k92a\">\n<div dir=\"auto\"><span class=\"html-span xexx8yu xyri2b x18d9i69 x1c1uobl x1hl2dhg x16tdsg8 x1vvkbs x3nfvp2 x1j61x8r x1fcty0u xdj266r xat24cr xm2jcoa x1mpyi22 xxymvpz xlup9mm x1kky2od\"><img loading=\"lazy\" decoding=\"async\" class=\"xz74otr x15mokao x1ga7v0g x16uus16 xbiv7yw\" src=\"https:\/\/static.xx.fbcdn.net\/images\/emoji.php\/v9\/t39\/1\/16\/1f4e2.png\" alt=\"\ud83d\udce2\" width=\"16\" height=\"16\" \/><\/span> Avec Enercoop Auvergne-Rhone-Alpes, nous allons commencer cette nouvelle ann\u00e9e avec la poursuite des inaugurations des petits parcs solaires citoyens.<\/div>\n<div dir=\"auto\"><\/div>\n<\/div>\n<div class=\"x14z9mp xat24cr x1lziwak x1vvkbs xtlvy1s x126k92a\">\n<div dir=\"auto\"><span class=\"html-span xexx8yu xyri2b x18d9i69 x1c1uobl x1hl2dhg x16tdsg8 x1vvkbs x3nfvp2 x1j61x8r x1fcty0u xdj266r xat24cr xm2jcoa x1mpyi22 xxymvpz xlup9mm x1kky2od\"><img loading=\"lazy\" decoding=\"async\" class=\"xz74otr x15mokao x1ga7v0g x16uus16 xbiv7yw\" src=\"https:\/\/static.xx.fbcdn.net\/images\/emoji.php\/v9\/t94\/1\/16\/1f49a.png\" alt=\"\ud83d\udc9a\" width=\"16\" height=\"16\" \/><\/span> 2026 verra 3 nouveaux projets sur les communes de Saint Myon (300 kWc), Aubiat (500 kWc) et Vic-le-Comte (700 kWc).<\/div>\n<div dir=\"auto\"><\/div>\n<\/div>\n<div class=\"x14z9mp xat24cr x1lziwak x1vvkbs xtlvy1s x126k92a\">\n<div dir=\"auto\">Nous sommes tr\u00e8s heureux de vous convier<\/div>\n<div dir=\"auto\"><span class=\"html-span xexx8yu xyri2b x18d9i69 x1c1uobl x1hl2dhg x16tdsg8 x1vvkbs x3nfvp2 x1j61x8r x1fcty0u xdj266r xat24cr xm2jcoa x1mpyi22 xxymvpz xlup9mm x1kky2od\"><img loading=\"lazy\" decoding=\"async\" class=\"xz74otr x15mokao x1ga7v0g x16uus16 xbiv7yw\" src=\"https:\/\/static.xx.fbcdn.net\/images\/emoji.php\/v9\/t51\/1\/16\/1f449.png\" alt=\"\ud83d\udc49\" width=\"16\" height=\"16\" \/><\/span> <strong>MARDI 10 F\u00c9VRIER,11h30 \u00e0 SAINT MYON<\/strong><\/div>\n<div dir=\"auto\">pour l\u2019inauguration du petit parc solaire sur l\u2019ancien d\u00e9laiss\u00e9 d&rsquo;autoroute A71<\/div>\n<div dir=\"auto\"><span class=\"html-span xexx8yu xyri2b x18d9i69 x1c1uobl x1hl2dhg x16tdsg8 x1vvkbs x3nfvp2 x1j61x8r x1fcty0u xdj266r xat24cr xm2jcoa x1mpyi22 xxymvpz xlup9mm x1kky2od\"><img loading=\"lazy\" decoding=\"async\" class=\"xz74otr x15mokao x1ga7v0g x16uus16 xbiv7yw\" src=\"https:\/\/static.xx.fbcdn.net\/images\/emoji.php\/v9\/t2d\/1\/16\/1f4cd.png\" alt=\"\ud83d\udccd\" width=\"16\" height=\"16\" \/><\/span> Nous nous retrouvons \u00e0 la <a href=\"https:\/\/www.google.com\/maps\/place\/45%C2%B059'38.9%22N+3%C2%B007'51.8%22E\/@45.9941409,3.1304043,187m\/data=!3m2!1e3!4b1!4m18!1m13!4m12!1m3!2m2!1d3.0113792!2d45.9309056!1m6!1m2!1s0x47f72677e7211c95:0x4093cafcbe5b580!2ssaint-myon!2m2!1d3.131263!2d45.993229!3e0!3m3!8m2!3d45.99414!4d3.131048?entry=ttu&amp;g_ep=EgoyMDI2MDExMy4wIKXMDSoKLDEwMDc5MjA3M0gBUAM%3D\" target=\"_blank\" rel=\"noopener\">salle des f\u00eates<\/a> de la commune<\/div>\n<div dir=\"auto\"><\/div>\n<\/div>\n<div class=\"x14z9mp xat24cr x1lziwak x1vvkbs xtlvy1s x126k92a\">\n<div dir=\"auto\"><span class=\"html-span xexx8yu xyri2b x18d9i69 x1c1uobl x1hl2dhg x16tdsg8 x1vvkbs x3nfvp2 x1j61x8r x1fcty0u xdj266r xat24cr xm2jcoa x1mpyi22 xxymvpz xlup9mm x1kky2od\"><img loading=\"lazy\" decoding=\"async\" class=\"xz74otr x15mokao x1ga7v0g x16uus16 xbiv7yw\" src=\"https:\/\/static.xx.fbcdn.net\/images\/emoji.php\/v9\/t6c\/1\/16\/1f4aa.png\" alt=\"\ud83d\udcaa\" width=\"16\" height=\"16\" \/><\/span> Issue de la volont\u00e9 de la commune de valoriser un foncier d\u00e9grad\u00e9 et sans usage \u00e9conomique ou agricole, nous avons pu d\u00e9velopper ce parc solaire et nous remercions Monsieur le Maire et le conseil municipal pour leur confiance <span class=\"html-span xexx8yu xyri2b x18d9i69 x1c1uobl x1hl2dhg x16tdsg8 x1vvkbs x3nfvp2 x1j61x8r x1fcty0u xdj266r xat24cr xm2jcoa x1mpyi22 xxymvpz xlup9mm x1kky2od\"><img loading=\"lazy\" decoding=\"async\" class=\"xz74otr x15mokao x1ga7v0g x16uus16 xbiv7yw\" src=\"https:\/\/static.xx.fbcdn.net\/images\/emoji.php\/v9\/t64\/1\/16\/1f91d.png\" alt=\"\ud83e\udd1d\" width=\"16\" height=\"16\" \/><\/span><\/div>\n<div dir=\"auto\"><\/div>\n<\/div>\n<div class=\"x14z9mp xat24cr x1lziwak x1vvkbs xtlvy1s x126k92a\">\n<div dir=\"auto\"><span class=\"html-span xexx8yu xyri2b x18d9i69 x1c1uobl x1hl2dhg x16tdsg8 x1vvkbs x3nfvp2 x1j61x8r x1fcty0u xdj266r xat24cr xm2jcoa x1mpyi22 xxymvpz xlup9mm x1kky2od\"><img loading=\"lazy\" decoding=\"async\" class=\"xz74otr x15mokao x1ga7v0g x16uus16 xbiv7yw\" src=\"https:\/\/static.xx.fbcdn.net\/images\/emoji.php\/v9\/t3c\/1\/16\/1f4a1.png\" alt=\"\ud83d\udca1\" width=\"16\" height=\"16\" \/><\/span> Ce projet prend vie, il sera tr\u00e8s bient\u00f4t en exploitation et produira ses premiers \u00e9lectrons !<\/div>\n<div dir=\"auto\"><\/div>\n<\/div>\n<div class=\"x14z9mp xat24cr x1lziwak x1vvkbs xtlvy1s x126k92a\">\n<div dir=\"auto\"><span class=\"html-span xexx8yu xyri2b x18d9i69 x1c1uobl x1hl2dhg x16tdsg8 x1vvkbs x3nfvp2 x1j61x8r x1fcty0u xdj266r xat24cr xm2jcoa x1mpyi22 xxymvpz xlup9mm x1kky2od\"><img loading=\"lazy\" decoding=\"async\" class=\"xz74otr x15mokao x1ga7v0g x16uus16 xbiv7yw\" src=\"https:\/\/static.xx.fbcdn.net\/images\/emoji.php\/v9\/tf4\/1\/16\/2728.png\" alt=\"\u2728\" width=\"16\" height=\"16\" \/><\/span> Alors, pour en savoir plus sur ce projet et nos \u00e9nergies renouvelables citoyennes, nous sommes heureux de vous inviter \u00e0 nous rejoindre pour ce moment fort !<\/div>\n<div dir=\"auto\"><\/div>\n<\/div>\n<div class=\"x14z9mp xat24cr x1lziwak x1vvkbs xtlvy1s x126k92a\">\n<div dir=\"auto\"><span class=\"html-span xexx8yu xyri2b x18d9i69 x1c1uobl x1hl2dhg x16tdsg8 x1vvkbs x3nfvp2 x1j61x8r x1fcty0u xdj266r xat24cr xm2jcoa x1mpyi22 xxymvpz xlup9mm x1kky2od\"><img loading=\"lazy\" decoding=\"async\" class=\"xz74otr x15mokao x1ga7v0g x16uus16 xbiv7yw\" src=\"https:\/\/static.xx.fbcdn.net\/images\/emoji.php\/v9\/t36\/1\/16\/1f58a.png\" alt=\"\ud83d\udd8a\" width=\"16\" height=\"16\" \/><\/span> Merci de remplir ce formulaire d\u2019inscription pour confirmer votre venue vous tenir \u00e9galement inform\u00e9s de l\u2019actualit\u00e9 de l\u2019inauguration : <span class=\"html-span xdj266r x14z9mp xat24cr x1lziwak xexx8yu xyri2b x18d9i69 x1c1uobl x1hl2dhg x16tdsg8 x1vvkbs\"><a class=\"x1i10hfl xjbqb8w x1ejq31n x18oe1m7 x1sy0etr xstzfhl x972fbf x10w94by x1qhh985 x14e42zd x9f619 x1ypdohk xt0psk2 x3ct3a4 xdj266r x14z9mp xat24cr x1lziwak xexx8yu xyri2b x18d9i69 x1c1uobl x16tdsg8 x1hl2dhg xggy1nq x1a2a7pz xkrqix3 x1sur9pj x1fey0fg x1s688f\" tabindex=\"0\" role=\"link\" href=\"https:\/\/l.facebook.com\/l.php?u=https%3A%2F%2Fener.coop%2Finauguration-saint-myon&amp;h=AT2jUG7co38htV6-Dtw-0SfSZKmDMCOEIdslOhYejMHtrLrH5ZZeZbP_KhrgyEolfNxMkZTF03VkuoT76FtXInaIPXKeo4WDchGgnt4qHr5mTVxC1EorbdwAd1DKod5HK0zcet8GFGX8tKoM&amp;h=AT2jUG7co38htV6-Dtw-0SfSZKmDMCOEIdslOhYejMHtrLrH5ZZeZbP_KhrgyEolfNxMkZTF03VkuoT76FtXInaIPXKeo4WDchGgnt4qHr5mTVxC1EorbdwAd1DKod5HK0zcet8GFGX8tKoM&amp;h=AT2jUG7co38htV6-Dtw-0SfSZKmDMCOEIdslOhYejMHtrLrH5ZZeZbP_KhrgyEolfNxMkZTF03VkuoT76FtXInaIPXKeo4WDchGgnt4qHr5mTVxC1EorbdwAd1DKod5HK0zcet8GFGX8tKoM\" target=\"_blank\" rel=\"nofollow noopener noreferrer\">https:\/\/ener.coop\/inauguration-saint-myon<\/a><\/span><\/div>\n<div dir=\"auto\"><\/div>\n<\/div>\n<div class=\"x14z9mp xat24cr x1lziwak x1vvkbs xtlvy1s x126k92a\">\n<div dir=\"auto\"><span class=\"html-span xexx8yu xyri2b x18d9i69 x1c1uobl x1hl2dhg x16tdsg8 x1vvkbs x3nfvp2 x1j61x8r x1fcty0u xdj266r xat24cr xm2jcoa x1mpyi22 xxymvpz xlup9mm x1kky2od\"><img loading=\"lazy\" decoding=\"async\" class=\"xz74otr x15mokao x1ga7v0g x16uus16 xbiv7yw\" src=\"https:\/\/static.xx.fbcdn.net\/images\/emoji.php\/v9\/t51\/1\/16\/1f449.png\" alt=\"\ud83d\udc49\ufe0f\" width=\"16\" height=\"16\" \/><\/span> En savoir plus sur le projet : <span class=\"html-span xdj266r x14z9mp xat24cr x1lziwak xexx8yu xyri2b x18d9i69 x1c1uobl x1hl2dhg x16tdsg8 x1vvkbs\"><a class=\"x1i10hfl xjbqb8w x1ejq31n x18oe1m7 x1sy0etr xstzfhl x972fbf x10w94by x1qhh985 x14e42zd x9f619 x1ypdohk xt0psk2 x3ct3a4 xdj266r x14z9mp xat24cr x1lziwak xexx8yu xyri2b x18d9i69 x1c1uobl x16tdsg8 x1hl2dhg xggy1nq x1a2a7pz xkrqix3 x1sur9pj x1fey0fg x1s688f\" tabindex=\"0\" role=\"link\" href=\"https:\/\/www.enercoop.fr\/nos-cooperatives\/parc-solaire-saint-myon-puy-de-dome?fbclid=IwZXh0bgNhZW0CMTAAYnJpZBEwQ2luS2ZSQmZMbjVJSjNRbnNydGMGYXBwX2lkEDIyMjAzOTE3ODgyMDA4OTIAAR4Vue5j8PE5OiI4gePzZlMjz3rEzX87_YZ_3XXyFJgEjVF7fUBrvURvOqwX-w_aem_bP5238TXwaQ07M9MF9rW0w\" target=\"_blank\" rel=\"nofollow noopener noreferrer\">https:\/\/www.enercoop.fr\/&#8230;\/parc-solaire-saint-myon-puy&#8230;<\/a><\/span><\/div>\n<div dir=\"auto\"><\/div>\n<\/div>\n<div class=\"x14z9mp xat24cr x1lziwak x1vvkbs xtlvy1s x126k92a\">\n<div dir=\"auto\">On vous attend nombreuses et nombreux ! <span class=\"html-span xexx8yu xyri2b x18d9i69 x1c1uobl x1hl2dhg x16tdsg8 x1vvkbs x3nfvp2 x1j61x8r x1fcty0u xdj266r xat24cr xm2jcoa x1mpyi22 xxymvpz xlup9mm x1kky2od\"><img loading=\"lazy\" decoding=\"async\" class=\"xz74otr x15mokao x1ga7v0g x16uus16 xbiv7yw\" src=\"https:\/\/static.xx.fbcdn.net\/images\/emoji.php\/v9\/t51\/1\/16\/1f603.png\" alt=\"\ud83d\ude03\" width=\"16\" height=\"16\" \/><\/span><\/div>\n<\/div>\n","protected":false},"excerpt":{"rendered":"<p>A VOS AGENDAS ! Avec Enercoop Auvergne-Rhone-Alpes, nous allons commencer cette nouvelle ann\u00e9e avec la poursuite des inaugurations des petits parcs solaires citoyens. 2026 verra 3 nouveaux projets sur les [&hellip;]<\/p>\n","protected":false},"author":1,"featured_media":4522,"comment_status":"closed","ping_status":"open","sticky":false,"template":"","format":"standard","meta":{"_et_pb_use_builder":"","_et_pb_old_content":"","_et_gb_content_width":"","footnotes":""},"categories":[12],"tags":[],"class_list":["post-4519","post","type-post","status-publish","format-standard","has-post-thumbnail","hentry","category-actualite"],"yoast_head":"<!-- This site is optimized with the Yoast SEO plugin v27.4 - https:\/\/yoast.com\/product\/yoast-seo-wordpress\/ -->\n<title>MARDI 10 F\u00c9VRIER 2026 : VENEZ INAUGURER LE PARC SOLAIRE A SAINT MYON ! - Combrailles Durables<\/title>\n<meta name=\"robots\" content=\"index, follow, max-snippet:-1, max-image-preview:large, max-video-preview:-1\" \/>\n<link rel=\"canonical\" href=\"https:\/\/www.combraillesdurables.fr\/index.php\/2026\/01\/20\/mardi-10-fevrier-2026-venez-inaugurer-le-parc-solaire-a-saint-myon\/\" \/>\n<meta property=\"og:locale\" content=\"fr_FR\" \/>\n<meta property=\"og:type\" content=\"article\" \/>\n<meta property=\"og:title\" content=\"MARDI 10 F\u00c9VRIER 2026 : VENEZ INAUGURER LE PARC SOLAIRE A SAINT MYON ! - Combrailles Durables\" \/>\n<meta property=\"og:description\" content=\"A VOS AGENDAS ! Avec Enercoop Auvergne-Rhone-Alpes, nous allons commencer cette nouvelle ann\u00e9e avec la poursuite des inaugurations des petits parcs solaires citoyens. 2026 verra 3 nouveaux projets sur les [&hellip;]\" \/>\n<meta property=\"og:url\" content=\"https:\/\/www.combraillesdurables.fr\/index.php\/2026\/01\/20\/mardi-10-fevrier-2026-venez-inaugurer-le-parc-solaire-a-saint-myon\/\" \/>\n<meta property=\"og:site_name\" content=\"Combrailles Durables\" \/>\n<meta property=\"article:publisher\" content=\"https:\/\/www.facebook.com\/CombraillesDurables\/\" \/>\n<meta property=\"article:author\" content=\"https:\/\/www.facebook.com\/CombraillesDurables\" \/>\n<meta property=\"article:published_time\" content=\"2026-01-20T15:47:00+00:00\" \/>\n<meta property=\"og:image\" content=\"https:\/\/www.combraillesdurables.fr\/wp-content\/uploads\/2026\/01\/Banniere.jpg\" \/>\n\t<meta property=\"og:image:width\" content=\"2481\" \/>\n\t<meta property=\"og:image:height\" content=\"1360\" \/>\n\t<meta property=\"og:image:type\" content=\"image\/jpeg\" \/>\n<meta name=\"author\" content=\"admin7306\" \/>\n<meta name=\"twitter:card\" content=\"summary_large_image\" \/>\n<meta name=\"twitter:creator\" content=\"@CombraillesD\" \/>\n<meta name=\"twitter:site\" content=\"@CombraillesD\" \/>\n<meta name=\"twitter:label1\" content=\"\u00c9crit par\" \/>\n\t<meta name=\"twitter:data1\" content=\"admin7306\" \/>\n\t<meta name=\"twitter:label2\" content=\"Dur\u00e9e de lecture estim\u00e9e\" \/>\n\t<meta name=\"twitter:data2\" content=\"4 minutes\" \/>\n<script type=\"application\/ld+json\" class=\"yoast-schema-graph\">{\"@context\":\"https:\\\/\\\/schema.org\",\"@graph\":[{\"@type\":\"Article\",\"@id\":\"https:\\\/\\\/www.combraillesdurables.fr\\\/index.php\\\/2026\\\/01\\\/20\\\/mardi-10-fevrier-2026-venez-inaugurer-le-parc-solaire-a-saint-myon\\\/#article\",\"isPartOf\":{\"@id\":\"https:\\\/\\\/www.combraillesdurables.fr\\\/index.php\\\/2026\\\/01\\\/20\\\/mardi-10-fevrier-2026-venez-inaugurer-le-parc-solaire-a-saint-myon\\\/\"},\"author\":{\"name\":\"admin7306\",\"@id\":\"https:\\\/\\\/www.combraillesdurables.fr\\\/#\\\/schema\\\/person\\\/65dba28a384055af13030a9dcf3f0a9d\"},\"headline\":\"MARDI 10 F\u00c9VRIER 2026 : VENEZ INAUGURER LE PARC SOLAIRE A SAINT MYON !\",\"datePublished\":\"2026-01-20T15:47:00+00:00\",\"mainEntityOfPage\":{\"@id\":\"https:\\\/\\\/www.combraillesdurables.fr\\\/index.php\\\/2026\\\/01\\\/20\\\/mardi-10-fevrier-2026-venez-inaugurer-le-parc-solaire-a-saint-myon\\\/\"},\"wordCount\":214,\"publisher\":{\"@id\":\"https:\\\/\\\/www.combraillesdurables.fr\\\/#organization\"},\"image\":{\"@id\":\"https:\\\/\\\/www.combraillesdurables.fr\\\/index.php\\\/2026\\\/01\\\/20\\\/mardi-10-fevrier-2026-venez-inaugurer-le-parc-solaire-a-saint-myon\\\/#primaryimage\"},\"thumbnailUrl\":\"https:\\\/\\\/www.combraillesdurables.fr\\\/wp-content\\\/uploads\\\/2026\\\/01\\\/Banniere.jpg\",\"articleSection\":[\"actualit\u00e9\"],\"inLanguage\":\"fr-FR\"},{\"@type\":\"WebPage\",\"@id\":\"https:\\\/\\\/www.combraillesdurables.fr\\\/index.php\\\/2026\\\/01\\\/20\\\/mardi-10-fevrier-2026-venez-inaugurer-le-parc-solaire-a-saint-myon\\\/\",\"url\":\"https:\\\/\\\/www.combraillesdurables.fr\\\/index.php\\\/2026\\\/01\\\/20\\\/mardi-10-fevrier-2026-venez-inaugurer-le-parc-solaire-a-saint-myon\\\/\",\"name\":\"MARDI 10 F\u00c9VRIER 2026 : VENEZ INAUGURER LE PARC SOLAIRE A SAINT MYON ! - Combrailles Durables\",\"isPartOf\":{\"@id\":\"https:\\\/\\\/www.combraillesdurables.fr\\\/#website\"},\"primaryImageOfPage\":{\"@id\":\"https:\\\/\\\/www.combraillesdurables.fr\\\/index.php\\\/2026\\\/01\\\/20\\\/mardi-10-fevrier-2026-venez-inaugurer-le-parc-solaire-a-saint-myon\\\/#primaryimage\"},\"image\":{\"@id\":\"https:\\\/\\\/www.combraillesdurables.fr\\\/index.php\\\/2026\\\/01\\\/20\\\/mardi-10-fevrier-2026-venez-inaugurer-le-parc-solaire-a-saint-myon\\\/#primaryimage\"},\"thumbnailUrl\":\"https:\\\/\\\/www.combraillesdurables.fr\\\/wp-content\\\/uploads\\\/2026\\\/01\\\/Banniere.jpg\",\"datePublished\":\"2026-01-20T15:47:00+00:00\",\"breadcrumb\":{\"@id\":\"https:\\\/\\\/www.combraillesdurables.fr\\\/index.php\\\/2026\\\/01\\\/20\\\/mardi-10-fevrier-2026-venez-inaugurer-le-parc-solaire-a-saint-myon\\\/#breadcrumb\"},\"inLanguage\":\"fr-FR\",\"potentialAction\":[{\"@type\":\"ReadAction\",\"target\":[\"https:\\\/\\\/www.combraillesdurables.fr\\\/index.php\\\/2026\\\/01\\\/20\\\/mardi-10-fevrier-2026-venez-inaugurer-le-parc-solaire-a-saint-myon\\\/\"]}]},{\"@type\":\"ImageObject\",\"inLanguage\":\"fr-FR\",\"@id\":\"https:\\\/\\\/www.combraillesdurables.fr\\\/index.php\\\/2026\\\/01\\\/20\\\/mardi-10-fevrier-2026-venez-inaugurer-le-parc-solaire-a-saint-myon\\\/#primaryimage\",\"url\":\"https:\\\/\\\/www.combraillesdurables.fr\\\/wp-content\\\/uploads\\\/2026\\\/01\\\/Banniere.jpg\",\"contentUrl\":\"https:\\\/\\\/www.combraillesdurables.fr\\\/wp-content\\\/uploads\\\/2026\\\/01\\\/Banniere.jpg\",\"width\":2481,\"height\":1360},{\"@type\":\"BreadcrumbList\",\"@id\":\"https:\\\/\\\/www.combraillesdurables.fr\\\/index.php\\\/2026\\\/01\\\/20\\\/mardi-10-fevrier-2026-venez-inaugurer-le-parc-solaire-a-saint-myon\\\/#breadcrumb\",\"itemListElement\":[{\"@type\":\"ListItem\",\"position\":1,\"name\":\"Accueil\",\"item\":\"https:\\\/\\\/www.combraillesdurables.fr\\\/\"},{\"@type\":\"ListItem\",\"position\":2,\"name\":\"MARDI 10 F\u00c9VRIER 2026 : VENEZ INAUGURER LE PARC SOLAIRE A SAINT MYON !\"}]},{\"@type\":\"WebSite\",\"@id\":\"https:\\\/\\\/www.combraillesdurables.fr\\\/#website\",\"url\":\"https:\\\/\\\/www.combraillesdurables.fr\\\/\",\"name\":\"Combrailles Durables\",\"description\":\"L&#039;appropriation citoyenne de l&#039;\u00e9nergie\",\"publisher\":{\"@id\":\"https:\\\/\\\/www.combraillesdurables.fr\\\/#organization\"},\"potentialAction\":[{\"@type\":\"SearchAction\",\"target\":{\"@type\":\"EntryPoint\",\"urlTemplate\":\"https:\\\/\\\/www.combraillesdurables.fr\\\/?s={search_term_string}\"},\"query-input\":{\"@type\":\"PropertyValueSpecification\",\"valueRequired\":true,\"valueName\":\"search_term_string\"}}],\"inLanguage\":\"fr-FR\"},{\"@type\":\"Organization\",\"@id\":\"https:\\\/\\\/www.combraillesdurables.fr\\\/#organization\",\"name\":\"Combrailles Durables\",\"url\":\"https:\\\/\\\/www.combraillesdurables.fr\\\/\",\"logo\":{\"@type\":\"ImageObject\",\"inLanguage\":\"fr-FR\",\"@id\":\"https:\\\/\\\/www.combraillesdurables.fr\\\/#\\\/schema\\\/logo\\\/image\\\/\",\"url\":\"http:\\\/\\\/www.combraillesdurables.fr\\\/wp-content\\\/uploads\\\/2017\\\/07\\\/Logo_cd_sans_titre.jpg\",\"contentUrl\":\"http:\\\/\\\/www.combraillesdurables.fr\\\/wp-content\\\/uploads\\\/2017\\\/07\\\/Logo_cd_sans_titre.jpg\",\"width\":1032,\"height\":1434,\"caption\":\"Combrailles Durables\"},\"image\":{\"@id\":\"https:\\\/\\\/www.combraillesdurables.fr\\\/#\\\/schema\\\/logo\\\/image\\\/\"},\"sameAs\":[\"https:\\\/\\\/www.facebook.com\\\/CombraillesDurables\\\/\",\"https:\\\/\\\/x.com\\\/CombraillesD\",\"https:\\\/\\\/www.linkedin.com\\\/company\\\/coop\u00e9rative-citoyenne-combrailles-durables\\\/\",\"https:\\\/\\\/www.youtube.com\\\/watch?v=YWw-GFuIsps&amp;amp;amp;amp;amp;list=PLonBK8rvh98W_VSh2nlgNYeloVzJkG61u\"]},{\"@type\":\"Person\",\"@id\":\"https:\\\/\\\/www.combraillesdurables.fr\\\/#\\\/schema\\\/person\\\/65dba28a384055af13030a9dcf3f0a9d\",\"name\":\"admin7306\",\"image\":{\"@type\":\"ImageObject\",\"inLanguage\":\"fr-FR\",\"@id\":\"https:\\\/\\\/secure.gravatar.com\\\/avatar\\\/c8fcd151d02104299bbbdd2c75457ceece6e4574341251a78d0545cdcf75c29a?s=96&d=mm&r=g\",\"url\":\"https:\\\/\\\/secure.gravatar.com\\\/avatar\\\/c8fcd151d02104299bbbdd2c75457ceece6e4574341251a78d0545cdcf75c29a?s=96&d=mm&r=g\",\"contentUrl\":\"https:\\\/\\\/secure.gravatar.com\\\/avatar\\\/c8fcd151d02104299bbbdd2c75457ceece6e4574341251a78d0545cdcf75c29a?s=96&d=mm&r=g\",\"caption\":\"admin7306\"},\"sameAs\":[\"https:\\\/\\\/www.facebook.com\\\/CombraillesDurables\",\"https:\\\/\\\/x.com\\\/CombraillesD\"],\"url\":\"https:\\\/\\\/www.combraillesdurables.fr\\\/index.php\\\/author\\\/admin7306\\\/\"}]}<\/script>\n<!-- \/ Yoast SEO plugin. -->","yoast_head_json":{"title":"MARDI 10 F\u00c9VRIER 2026 : VENEZ INAUGURER LE PARC SOLAIRE A SAINT MYON ! - Combrailles Durables","robots":{"index":"index","follow":"follow","max-snippet":"max-snippet:-1","max-image-preview":"max-image-preview:large","max-video-preview":"max-video-preview:-1"},"canonical":"https:\/\/www.combraillesdurables.fr\/index.php\/2026\/01\/20\/mardi-10-fevrier-2026-venez-inaugurer-le-parc-solaire-a-saint-myon\/","og_locale":"fr_FR","og_type":"article","og_title":"MARDI 10 F\u00c9VRIER 2026 : VENEZ INAUGURER LE PARC SOLAIRE A SAINT MYON ! - Combrailles Durables","og_description":"A VOS AGENDAS ! Avec Enercoop Auvergne-Rhone-Alpes, nous allons commencer cette nouvelle ann\u00e9e avec la poursuite des inaugurations des petits parcs solaires citoyens. 2026 verra 3 nouveaux projets sur les [&hellip;]","og_url":"https:\/\/www.combraillesdurables.fr\/index.php\/2026\/01\/20\/mardi-10-fevrier-2026-venez-inaugurer-le-parc-solaire-a-saint-myon\/","og_site_name":"Combrailles Durables","article_publisher":"https:\/\/www.facebook.com\/CombraillesDurables\/","article_author":"https:\/\/www.facebook.com\/CombraillesDurables","article_published_time":"2026-01-20T15:47:00+00:00","og_image":[{"width":2481,"height":1360,"url":"https:\/\/www.combraillesdurables.fr\/wp-content\/uploads\/2026\/01\/Banniere.jpg","type":"image\/jpeg"}],"author":"admin7306","twitter_card":"summary_large_image","twitter_creator":"@CombraillesD","twitter_site":"@CombraillesD","twitter_misc":{"\u00c9crit par":"admin7306","Dur\u00e9e de lecture estim\u00e9e":"4 minutes"},"schema":{"@context":"https:\/\/schema.org","@graph":[{"@type":"Article","@id":"https:\/\/www.combraillesdurables.fr\/index.php\/2026\/01\/20\/mardi-10-fevrier-2026-venez-inaugurer-le-parc-solaire-a-saint-myon\/#article","isPartOf":{"@id":"https:\/\/www.combraillesdurables.fr\/index.php\/2026\/01\/20\/mardi-10-fevrier-2026-venez-inaugurer-le-parc-solaire-a-saint-myon\/"},"author":{"name":"admin7306","@id":"https:\/\/www.combraillesdurables.fr\/#\/schema\/person\/65dba28a384055af13030a9dcf3f0a9d"},"headline":"MARDI 10 F\u00c9VRIER 2026 : VENEZ INAUGURER LE PARC SOLAIRE A SAINT MYON !","datePublished":"2026-01-20T15:47:00+00:00","mainEntityOfPage":{"@id":"https:\/\/www.combraillesdurables.fr\/index.php\/2026\/01\/20\/mardi-10-fevrier-2026-venez-inaugurer-le-parc-solaire-a-saint-myon\/"},"wordCount":214,"publisher":{"@id":"https:\/\/www.combraillesdurables.fr\/#organization"},"image":{"@id":"https:\/\/www.combraillesdurables.fr\/index.php\/2026\/01\/20\/mardi-10-fevrier-2026-venez-inaugurer-le-parc-solaire-a-saint-myon\/#primaryimage"},"thumbnailUrl":"https:\/\/www.combraillesdurables.fr\/wp-content\/uploads\/2026\/01\/Banniere.jpg","articleSection":["actualit\u00e9"],"inLanguage":"fr-FR"},{"@type":"WebPage","@id":"https:\/\/www.combraillesdurables.fr\/index.php\/2026\/01\/20\/mardi-10-fevrier-2026-venez-inaugurer-le-parc-solaire-a-saint-myon\/","url":"https:\/\/www.combraillesdurables.fr\/index.php\/2026\/01\/20\/mardi-10-fevrier-2026-venez-inaugurer-le-parc-solaire-a-saint-myon\/","name":"MARDI 10 F\u00c9VRIER 2026 : VENEZ INAUGURER LE PARC SOLAIRE A SAINT MYON ! - Combrailles Durables","isPartOf":{"@id":"https:\/\/www.combraillesdurables.fr\/#website"},"primaryImageOfPage":{"@id":"https:\/\/www.combraillesdurables.fr\/index.php\/2026\/01\/20\/mardi-10-fevrier-2026-venez-inaugurer-le-parc-solaire-a-saint-myon\/#primaryimage"},"image":{"@id":"https:\/\/www.combraillesdurables.fr\/index.php\/2026\/01\/20\/mardi-10-fevrier-2026-venez-inaugurer-le-parc-solaire-a-saint-myon\/#primaryimage"},"thumbnailUrl":"https:\/\/www.combraillesdurables.fr\/wp-content\/uploads\/2026\/01\/Banniere.jpg","datePublished":"2026-01-20T15:47:00+00:00","breadcrumb":{"@id":"https:\/\/www.combraillesdurables.fr\/index.php\/2026\/01\/20\/mardi-10-fevrier-2026-venez-inaugurer-le-parc-solaire-a-saint-myon\/#breadcrumb"},"inLanguage":"fr-FR","potentialAction":[{"@type":"ReadAction","target":["https:\/\/www.combraillesdurables.fr\/index.php\/2026\/01\/20\/mardi-10-fevrier-2026-venez-inaugurer-le-parc-solaire-a-saint-myon\/"]}]},{"@type":"ImageObject","inLanguage":"fr-FR","@id":"https:\/\/www.combraillesdurables.fr\/index.php\/2026\/01\/20\/mardi-10-fevrier-2026-venez-inaugurer-le-parc-solaire-a-saint-myon\/#primaryimage","url":"https:\/\/www.combraillesdurables.fr\/wp-content\/uploads\/2026\/01\/Banniere.jpg","contentUrl":"https:\/\/www.combraillesdurables.fr\/wp-content\/uploads\/2026\/01\/Banniere.jpg","width":2481,"height":1360},{"@type":"BreadcrumbList","@id":"https:\/\/www.combraillesdurables.fr\/index.php\/2026\/01\/20\/mardi-10-fevrier-2026-venez-inaugurer-le-parc-solaire-a-saint-myon\/#breadcrumb","itemListElement":[{"@type":"ListItem","position":1,"name":"Accueil","item":"https:\/\/www.combraillesdurables.fr\/"},{"@type":"ListItem","position":2,"name":"MARDI 10 F\u00c9VRIER 2026 : VENEZ INAUGURER LE PARC SOLAIRE A SAINT MYON !"}]},{"@type":"WebSite","@id":"https:\/\/www.combraillesdurables.fr\/#website","url":"https:\/\/www.combraillesdurables.fr\/","name":"Combrailles Durables","description":"L&#039;appropriation citoyenne de l&#039;\u00e9nergie","publisher":{"@id":"https:\/\/www.combraillesdurables.fr\/#organization"},"potentialAction":[{"@type":"SearchAction","target":{"@type":"EntryPoint","urlTemplate":"https:\/\/www.combraillesdurables.fr\/?s={search_term_string}"},"query-input":{"@type":"PropertyValueSpecification","valueRequired":true,"valueName":"search_term_string"}}],"inLanguage":"fr-FR"},{"@type":"Organization","@id":"https:\/\/www.combraillesdurables.fr\/#organization","name":"Combrailles Durables","url":"https:\/\/www.combraillesdurables.fr\/","logo":{"@type":"ImageObject","inLanguage":"fr-FR","@id":"https:\/\/www.combraillesdurables.fr\/#\/schema\/logo\/image\/","url":"http:\/\/www.combraillesdurables.fr\/wp-content\/uploads\/2017\/07\/Logo_cd_sans_titre.jpg","contentUrl":"http:\/\/www.combraillesdurables.fr\/wp-content\/uploads\/2017\/07\/Logo_cd_sans_titre.jpg","width":1032,"height":1434,"caption":"Combrailles Durables"},"image":{"@id":"https:\/\/www.combraillesdurables.fr\/#\/schema\/logo\/image\/"},"sameAs":["https:\/\/www.facebook.com\/CombraillesDurables\/","https:\/\/x.com\/CombraillesD","https:\/\/www.linkedin.com\/company\/coop\u00e9rative-citoyenne-combrailles-durables\/","https:\/\/www.youtube.com\/watch?v=YWw-GFuIsps&amp;amp;amp;amp;amp;list=PLonBK8rvh98W_VSh2nlgNYeloVzJkG61u"]},{"@type":"Person","@id":"https:\/\/www.combraillesdurables.fr\/#\/schema\/person\/65dba28a384055af13030a9dcf3f0a9d","name":"admin7306","image":{"@type":"ImageObject","inLanguage":"fr-FR","@id":"https:\/\/secure.gravatar.com\/avatar\/c8fcd151d02104299bbbdd2c75457ceece6e4574341251a78d0545cdcf75c29a?s=96&d=mm&r=g","url":"https:\/\/secure.gravatar.com\/avatar\/c8fcd151d02104299bbbdd2c75457ceece6e4574341251a78d0545cdcf75c29a?s=96&d=mm&r=g","contentUrl":"https:\/\/secure.gravatar.com\/avatar\/c8fcd151d02104299bbbdd2c75457ceece6e4574341251a78d0545cdcf75c29a?s=96&d=mm&r=g","caption":"admin7306"},"sameAs":["https:\/\/www.facebook.com\/CombraillesDurables","https:\/\/x.com\/CombraillesD"],"url":"https:\/\/www.combraillesdurables.fr\/index.php\/author\/admin7306\/"}]}},"_links":{"self":[{"href":"https:\/\/www.combraillesdurables.fr\/index.php\/wp-json\/wp\/v2\/posts\/4519","targetHints":{"allow":["GET"]}}],"collection":[{"href":"https:\/\/www.combraillesdurables.fr\/index.php\/wp-json\/wp\/v2\/posts"}],"about":[{"href":"https:\/\/www.combraillesdurables.fr\/index.php\/wp-json\/wp\/v2\/types\/post"}],"author":[{"embeddable":true,"href":"https:\/\/www.combraillesdurables.fr\/index.php\/wp-json\/wp\/v2\/users\/1"}],"replies":[{"embeddable":true,"href":"https:\/\/www.combraillesdurables.fr\/index.php\/wp-json\/wp\/v2\/comments?post=4519"}],"version-history":[{"count":3,"href":"https:\/\/www.combraillesdurables.fr\/index.php\/wp-json\/wp\/v2\/posts\/4519\/revisions"}],"predecessor-version":[{"id":4524,"href":"https:\/\/www.combraillesdurables.fr\/index.php\/wp-json\/wp\/v2\/posts\/4519\/revisions\/4524"}],"wp:featuredmedia":[{"embeddable":true,"href":"https:\/\/www.combraillesdurables.fr\/index.php\/wp-json\/wp\/v2\/media\/4522"}],"wp:attachment":[{"href":"https:\/\/www.combraillesdurables.fr\/index.php\/wp-json\/wp\/v2\/media?parent=4519"}],"wp:term":[{"taxonomy":"category","embeddable":true,"href":"https:\/\/www.combraillesdurables.fr\/index.php\/wp-json\/wp\/v2\/categories?post=4519"},{"taxonomy":"post_tag","embeddable":true,"href":"https:\/\/www.combraillesdurables.fr\/index.php\/wp-json\/wp\/v2\/tags?post=4519"}],"curies":[{"name":"wp","href":"https:\/\/api.w.org\/{rel}","templated":true}]}}